{"id":4994,"date":"2022-06-29T17:10:30","date_gmt":"2022-06-29T20:10:30","guid":{"rendered":"https:\/\/sistemafaepa.com.br\/senar\/2022\/06\/29\/nucleo-baixo-amazonas-do-sistema-faepa-senar-fundepec-sindicatos-promove-reuniao-de-alinhamento-sobre-a-ateg\/"},"modified":"2022-06-29T17:10:30","modified_gmt":"2022-06-29T20:10:30","slug":"nucleo-baixo-amazonas-do-sistema-faepa-senar-fundepec-sindicatos-promove-reuniao-de-alinhamento-sobre-a-ateg","status":"publish","type":"post","link":"https:\/\/sistemafaepa.com.br\/senar\/nucleo-baixo-amazonas-do-sistema-faepa-senar-fundepec-sindicatos-promove-reuniao-de-alinhamento-sobre-a-ateg\/","title":{"rendered":"N\u00facleo Baixo Amazonas do Sistema Faepa\/Senar\/Fundepec Sindicatos promove reuni\u00e3o de alinhamento sobre a ATeG"},"content":{"rendered":"<p>O N\u00facleo Baixo Amazonas realizou uma reuni\u00e3o de alinhamento para implanta\u00e7\u00e3o da ATeG Mandioca e Mel. O \u00a0evento reuniu toda equipe t\u00e9cnica de trabalho para um dia repleto de informa\u00e7\u00f5es, visando o alinhamento dos trabalhos que ser\u00e3o desenvolvidos ao longo deste ano.<\/p>\n","protected":false},"excerpt":{"rendered":"<p>O N\u00facleo Baixo Amazonas realizou uma reuni\u00e3o de alinhamento para implanta\u00e7\u00e3o da ATeG Mandioca e Mel. O \u00a0evento reuniu toda equipe t\u00e9cnica de trabalho para um dia repleto de informa\u00e7\u00f5es, visando o alinhamento dos trabalhos que ser\u00e3o desenvolvidos ao longo deste ano.<\/p>\n","protected":false},"author":1,"featured_media":4995,"comment_status":"open","ping_status":"open","sticky":false,"template":"","format":"standard","meta":{"_et_pb_use_builder":"","_et_pb_old_content":"","_et_gb_content_width":"","footnotes":""},"categories":[1],"tags":[],"class_list":["post-4994","post","type-post","status-publish","format-standard","has-post-thumbnail","hentry","category-sem-categoria"],"_links":{"self":[{"href":"https:\/\/sistemafaepa.com.br\/senar\/wp-json\/wp\/v2\/posts\/4994","targetHints":{"allow":["GET"]}}],"collection":[{"href":"https:\/\/sistemafaepa.com.br\/senar\/wp-json\/wp\/v2\/posts"}],"about":[{"href":"https:\/\/sistemafaepa.com.br\/senar\/wp-json\/wp\/v2\/types\/post"}],"author":[{"embeddable":true,"href":"https:\/\/sistemafaepa.com.br\/senar\/wp-json\/wp\/v2\/users\/1"}],"replies":[{"embeddable":true,"href":"https:\/\/sistemafaepa.com.br\/senar\/wp-json\/wp\/v2\/comments?post=4994"}],"version-history":[{"count":0,"href":"https:\/\/sistemafaepa.com.br\/senar\/wp-json\/wp\/v2\/posts\/4994\/revisions"}],"wp:featuredmedia":[{"embeddable":true,"href":"https:\/\/sistemafaepa.com.br\/senar\/wp-json\/"}],"wp:attachment":[{"href":"https:\/\/sistemafaepa.com.br\/senar\/wp-json\/wp\/v2\/media?parent=4994"}],"wp:term":[{"taxonomy":"category","embeddable":true,"href":"https:\/\/sistemafaepa.com.br\/senar\/wp-json\/wp\/v2\/categories?post=4994"},{"taxonomy":"post_tag","embeddable":true,"href":"https:\/\/sistemafaepa.com.br\/senar\/wp-json\/wp\/v2\/tags?post=4994"}],"curies":[{"name":"wp","href":"https:\/\/api.w.org\/{rel}","templated":true}]}}