{"id":4931,"date":"2022-05-04T17:30:11","date_gmt":"2022-05-04T20:30:11","guid":{"rendered":"https:\/\/sistemafaepa.com.br\/senar\/2022\/05\/04\/reuniao-com-ministro-do-mapa-em-brasilia-trata-sobre-a-pecuaria-paraense\/"},"modified":"2022-05-04T17:30:11","modified_gmt":"2022-05-04T20:30:11","slug":"reuniao-com-ministro-do-mapa-em-brasilia-trata-sobre-a-pecuaria-paraense","status":"publish","type":"post","link":"https:\/\/sistemafaepa.com.br\/senar\/reuniao-com-ministro-do-mapa-em-brasilia-trata-sobre-a-pecuaria-paraense\/","title":{"rendered":"Reuni\u00e3o com ministro do MAPA em Bras\u00edlia trata sobre a pecu\u00e1ria paraense"},"content":{"rendered":"<p>A pujan\u00e7a da pecu\u00e1ria paraense, a abertura de novos mercados e as a\u00e7\u00f5es integradas do governo federal e do governo do Estado do Par\u00e1 forma tema de uma reuni\u00e3o de trabalho nesta quarta-feira (4), em Bras\u00edlia, com o ministro da Agricultura, Pecu\u00e1ria e Abastecimento, Marcos Pontes, que destacou a potencialidade regional e tudo que o Par\u00e1 represente hoje para\u00a0 pecu\u00e1ria brasileira.<\/p>\n<p>Participaram da reuni\u00e3o o governador Helder Barbalho, o presidente da Faepa, Carlos Xavier, \u00a0e produtor rural Giovanni Queiroz. Marcos Pontes falou sobre a import\u00e2ncia de fortalecer a cadeia produtiva no mercado internacional e de mostrar a realidade brasileira no que diz respeito \u00e0 consci\u00eancia ambiental.<\/p>\n<p>Na oportunidade, o governador Helder Barbalho, falou sobre o Pecuariando, evento que aconteceu recentemente em Marab\u00e1 (PA), organizado pelo setor produtivo rural, e foi um momento hist\u00f3rico para a pecu\u00e1ria, dentre outros motivos, pelas estrat\u00e9gias de benef\u00edcios fiscais do governo do Estado revertidas em investimentos em Ci\u00eancia, Tecnologia e Inova\u00e7\u00e3o. Helder mencionou que o Estado vai avan\u00e7ar muito mais sem precisar desmatar, comprometido com a pauta ambiental.<\/p>\n<p>O presidente da Faepa, Carlos Xavier, refor\u00e7ou o posicionamento de que os produtores rurais n\u00e3o apoiam o desmatamento ilegal e lembrou dos muitos avan\u00e7os na pecu\u00e1ria paraense, que hoje det\u00e9m o terceiro maior rebanho do pa\u00eds.<\/p>\n","protected":false},"excerpt":{"rendered":"<p>A pujan\u00e7a da pecu\u00e1ria paraense, a abertura de novos mercados e as a\u00e7\u00f5es integradas do governo federal e do governo do Estado do Par\u00e1 forma tema de uma reuni\u00e3o de trabalho nesta quarta-feira (4), em Bras\u00edlia, com o ministro da Agricultura, Pecu\u00e1ria e Abastecimento, Marcos Pontes, que destacou a potencialidade regional e tudo que o [&hellip;]<\/p>\n","protected":false},"author":1,"featured_media":4932,"comment_status":"open","ping_status":"open","sticky":false,"template":"","format":"standard","meta":{"_et_pb_use_builder":"","_et_pb_old_content":"","_et_gb_content_width":"","footnotes":""},"categories":[1],"tags":[],"class_list":["post-4931","post","type-post","status-publish","format-standard","has-post-thumbnail","hentry","category-sem-categoria"],"_links":{"self":[{"href":"https:\/\/sistemafaepa.com.br\/senar\/wp-json\/wp\/v2\/posts\/4931","targetHints":{"allow":["GET"]}}],"collection":[{"href":"https:\/\/sistemafaepa.com.br\/senar\/wp-json\/wp\/v2\/posts"}],"about":[{"href":"https:\/\/sistemafaepa.com.br\/senar\/wp-json\/wp\/v2\/types\/post"}],"author":[{"embeddable":true,"href":"https:\/\/sistemafaepa.com.br\/senar\/wp-json\/wp\/v2\/users\/1"}],"replies":[{"embeddable":true,"href":"https:\/\/sistemafaepa.com.br\/senar\/wp-json\/wp\/v2\/comments?post=4931"}],"version-history":[{"count":0,"href":"https:\/\/sistemafaepa.com.br\/senar\/wp-json\/wp\/v2\/posts\/4931\/revisions"}],"wp:featuredmedia":[{"embeddable":true,"href":"https:\/\/sistemafaepa.com.br\/senar\/wp-json\/"}],"wp:attachment":[{"href":"https:\/\/sistemafaepa.com.br\/senar\/wp-json\/wp\/v2\/media?parent=4931"}],"wp:term":[{"taxonomy":"category","embeddable":true,"href":"https:\/\/sistemafaepa.com.br\/senar\/wp-json\/wp\/v2\/categories?post=4931"},{"taxonomy":"post_tag","embeddable":true,"href":"https:\/\/sistemafaepa.com.br\/senar\/wp-json\/wp\/v2\/tags?post=4931"}],"curies":[{"name":"wp","href":"https:\/\/api.w.org\/{rel}","templated":true}]}}