{"id":4395,"date":"2021-02-04T11:32:48","date_gmt":"2021-02-04T14:32:48","guid":{"rendered":"http:\/\/sistemafaepa.com.br\/senar\/2021\/02\/04\/nota-de-pesar-benedito-ribeiro-ferreira\/"},"modified":"2021-02-04T11:32:48","modified_gmt":"2021-02-04T14:32:48","slug":"nota-de-pesar-benedito-ribeiro-ferreira","status":"publish","type":"post","link":"https:\/\/sistemafaepa.com.br\/senar\/nota-de-pesar-benedito-ribeiro-ferreira\/","title":{"rendered":"Nota de Pesar &#8211; Benedito Ribeiro Ferreira"},"content":{"rendered":"<p>O Sistema Faepa\/Senar, em nome de seu presidente Carlos Xavier, e de todos os presidentes de Sindicatos Rurais do Estado do Par\u00e1, lamenta, com grande pesar o falecimento do senhor <strong>Benedito Ribeiro Ferreira<\/strong>, presidente do Sindicato dos Produtores Rurais de Chaves, ocorrido ontem, 3 de fevereiro, na cidade de Macap\u00e1.<\/p>\n<p>Muito querido entre familiares, amigos e todos que o conheciam, Benedito partiu, deixando um hist\u00f3rico de lutas e conquistas no setor agropecu\u00e1rio do munic\u00edpio de Chaves. Aos que tiveram a oportunidade de conhec\u00ea-lo \u00e9 un\u00e2nime a admira\u00e7\u00e3o por ser considerado um l\u00edder e refer\u00eancia de coragem, uni\u00e3o e for\u00e7a.<\/p>\n<p>Benedito, que era graduado em Direito, exerceu os cargos de assessor especial e vice-prefeito de Chaves, quando teve oportunidade de prestar significativos servi\u00e7os para o desenvolvimento do munic\u00edpio.<\/p>\n<p>Em nota, o Sindicato dos Produtores Rurais de Chaves fez quest\u00e3o de registrar \u201cgratid\u00e3o e grande estima ao senhor Benedito Ribeiro Ferreira, que sempre ofereceu suporte, apoio e orienta\u00e7\u00e3o aos produtores rurais, servidores p\u00fablicos e popula\u00e7\u00e3o em geral\u201d.<\/p>\n<p>O Sistema Faepa\/Senar manifesta respeito, admira\u00e7\u00e3o e gratid\u00e3o, se solidarizando com toda a sua fam\u00edlia, amigos e as equipes do Sindicato e do N\u00facleo Regional, rogando a Deus que lhes d\u00ea for\u00e7as para superar esse momento de dor para todos n\u00f3s.<\/p>\n<p>Nossos mais sinceros p\u00easames.<\/p>\n","protected":false},"excerpt":{"rendered":"<p>O Sistema Faepa\/Senar, em nome de seu presidente Carlos Xavier, e de todos os presidentes de Sindicatos Rurais do Estado do Par\u00e1, lamenta, com grande pesar o falecimento do senhor Benedito Ribeiro Ferreira, presidente do Sindicato dos Produtores Rurais de Chaves, ocorrido ontem, 3 de fevereiro, na cidade de Macap\u00e1. Muito querido entre familiares, amigos [&hellip;]<\/p>\n","protected":false},"author":1,"featured_media":4396,"comment_status":"open","ping_status":"open","sticky":false,"template":"","format":"standard","meta":{"_et_pb_use_builder":"","_et_pb_old_content":"","_et_gb_content_width":"","footnotes":""},"categories":[1],"tags":[],"class_list":["post-4395","post","type-post","status-publish","format-standard","has-post-thumbnail","hentry","category-sem-categoria"],"_links":{"self":[{"href":"https:\/\/sistemafaepa.com.br\/senar\/wp-json\/wp\/v2\/posts\/4395","targetHints":{"allow":["GET"]}}],"collection":[{"href":"https:\/\/sistemafaepa.com.br\/senar\/wp-json\/wp\/v2\/posts"}],"about":[{"href":"https:\/\/sistemafaepa.com.br\/senar\/wp-json\/wp\/v2\/types\/post"}],"author":[{"embeddable":true,"href":"https:\/\/sistemafaepa.com.br\/senar\/wp-json\/wp\/v2\/users\/1"}],"replies":[{"embeddable":true,"href":"https:\/\/sistemafaepa.com.br\/senar\/wp-json\/wp\/v2\/comments?post=4395"}],"version-history":[{"count":0,"href":"https:\/\/sistemafaepa.com.br\/senar\/wp-json\/wp\/v2\/posts\/4395\/revisions"}],"wp:featuredmedia":[{"embeddable":true,"href":"https:\/\/sistemafaepa.com.br\/senar\/wp-json\/"}],"wp:attachment":[{"href":"https:\/\/sistemafaepa.com.br\/senar\/wp-json\/wp\/v2\/media?parent=4395"}],"wp:term":[{"taxonomy":"category","embeddable":true,"href":"https:\/\/sistemafaepa.com.br\/senar\/wp-json\/wp\/v2\/categories?post=4395"},{"taxonomy":"post_tag","embeddable":true,"href":"https:\/\/sistemafaepa.com.br\/senar\/wp-json\/wp\/v2\/tags?post=4395"}],"curies":[{"name":"wp","href":"https:\/\/api.w.org\/{rel}","templated":true}]}}