{"id":4260,"date":"2020-12-10T18:23:22","date_gmt":"2020-12-10T21:23:22","guid":{"rendered":"http:\/\/sistemafaepa.com.br\/senar\/2020\/12\/10\/senar-lanca-curso-tecnico-em-fruticultura\/"},"modified":"2020-12-10T18:23:22","modified_gmt":"2020-12-10T21:23:22","slug":"senar-lanca-curso-tecnico-em-fruticultura","status":"publish","type":"post","link":"https:\/\/sistemafaepa.com.br\/senar\/senar-lanca-curso-tecnico-em-fruticultura\/","title":{"rendered":"Senar lan\u00e7a curso t\u00e9cnico em fruticultura"},"content":{"rendered":"<p><img decoding=\"async\" src=\"https:\/\/www.cnabrasil.org.br\/assets\/images\/noticias\/senar_Curso_tec_fruticultura.jpg\" \/><\/p>\n<p>O Servi\u00e7o Nacional de Aprendizagem Rural (Senar) lan\u00e7ou o curso t\u00e9cnico em Fruticultura, gratuito e a dist\u00e2ncia, com 950 vagas distribu\u00eddas em 30 polos de ensino localizados em 18 estados e no Distrito Federal.<\/p>\n<p>As inscri\u00e7\u00f5es estar\u00e3o abertas at\u00e9 o dia 27 de janeiro de 2021 pelo site\u00a0<a href=\"http:\/\/etec.senar.org.br\/\">http:\/\/etec.senar.org.br\/<\/a><\/p>\n<p>O curso ter\u00e1 dura\u00e7\u00e3o de dois anos e meio, com carga hor\u00e1ria de 1.350 horas. Os candidatos interessados em concorrer a uma das vagas devem ter conclu\u00eddo o ensino m\u00e9dio. As vagas priorit\u00e1rias ser\u00e3o destinadas ao p\u00fablico do meio rural.<\/p>\n<p>Ao longo do curso, o participante estudar\u00e1 t\u00e9cnicas que auxiliar\u00e3o no planejamento, execu\u00e7\u00e3o e controle dos processos produtivos da fruticultura.<\/p>\n<p><strong>Inscri\u00e7\u00e3o &#8211;<\/strong>\u00a0Os candidatos devem ler o edital atentamente antes de efetivar a inscri\u00e7\u00e3o. Embora o curso seja a dist\u00e2ncia, no ato da inscri\u00e7\u00e3o o candidato dever\u00e1 indicar um dos polos de ensino para participar das atividades semipresenciais.<\/p>\n<p>As vagas ser\u00e3o distribu\u00eddas nas seguintes unidades federativas: Amazonas, Alagoas, Bahia, Cear\u00e1, Esp\u00edrito Santo, Goi\u00e1s, Minas Gerais, Maranh\u00e3o, Mato Grosso do Sul, Par\u00e1, Pernambuco, Para\u00edba, Rio de Janeiro, Rio Grande do Norte, Roraima, Santa Catarina, Sergipe, Tocantins e no Distrito Federal.<\/p>\n<p>Para ler o edital, acesse:\u00a0<a href=\"http:\/\/etec.senar.org.br\/\">http:\/\/etec.senar.org.br\/<\/a>. Outras informa\u00e7\u00f5es podem ser obtidas pelo 0800 642 0999 com atendimento de segunda a s\u00e1bado, das 8h \u00e0s 20h, no hor\u00e1rio de Bras\u00edlia<\/p>\n","protected":false},"excerpt":{"rendered":"<p>O Servi\u00e7o Nacional de Aprendizagem Rural (Senar) lan\u00e7ou o curso t\u00e9cnico em Fruticultura, gratuito e a dist\u00e2ncia, com 950 vagas distribu\u00eddas em 30 polos de ensino localizados em 18 estados e no Distrito Federal. As inscri\u00e7\u00f5es estar\u00e3o abertas at\u00e9 o dia 27 de janeiro de 2021 pelo site\u00a0http:\/\/etec.senar.org.br\/ O curso ter\u00e1 dura\u00e7\u00e3o de dois anos [&hellip;]<\/p>\n","protected":false},"author":1,"featured_media":0,"comment_status":"open","ping_status":"open","sticky":false,"template":"","format":"standard","meta":{"_et_pb_use_builder":"","_et_pb_old_content":"","_et_gb_content_width":"","footnotes":""},"categories":[1],"tags":[],"class_list":["post-4260","post","type-post","status-publish","format-standard","hentry","category-sem-categoria"],"_links":{"self":[{"href":"https:\/\/sistemafaepa.com.br\/senar\/wp-json\/wp\/v2\/posts\/4260","targetHints":{"allow":["GET"]}}],"collection":[{"href":"https:\/\/sistemafaepa.com.br\/senar\/wp-json\/wp\/v2\/posts"}],"about":[{"href":"https:\/\/sistemafaepa.com.br\/senar\/wp-json\/wp\/v2\/types\/post"}],"author":[{"embeddable":true,"href":"https:\/\/sistemafaepa.com.br\/senar\/wp-json\/wp\/v2\/users\/1"}],"replies":[{"embeddable":true,"href":"https:\/\/sistemafaepa.com.br\/senar\/wp-json\/wp\/v2\/comments?post=4260"}],"version-history":[{"count":0,"href":"https:\/\/sistemafaepa.com.br\/senar\/wp-json\/wp\/v2\/posts\/4260\/revisions"}],"wp:attachment":[{"href":"https:\/\/sistemafaepa.com.br\/senar\/wp-json\/wp\/v2\/media?parent=4260"}],"wp:term":[{"taxonomy":"category","embeddable":true,"href":"https:\/\/sistemafaepa.com.br\/senar\/wp-json\/wp\/v2\/categories?post=4260"},{"taxonomy":"post_tag","embeddable":true,"href":"https:\/\/sistemafaepa.com.br\/senar\/wp-json\/wp\/v2\/tags?post=4260"}],"curies":[{"name":"wp","href":"https:\/\/api.w.org\/{rel}","templated":true}]}}