{"id":4253,"date":"2020-12-09T19:13:25","date_gmt":"2020-12-09T22:13:25","guid":{"rendered":"http:\/\/sistemafaepa.com.br\/senar\/2020\/12\/09\/encontro-ruralista-debate-assuntos-de-interesse-do-produtor-rural\/"},"modified":"2020-12-09T19:13:25","modified_gmt":"2020-12-09T22:13:25","slug":"encontro-ruralista-debate-assuntos-de-interesse-do-produtor-rural","status":"publish","type":"post","link":"https:\/\/sistemafaepa.com.br\/senar\/encontro-ruralista-debate-assuntos-de-interesse-do-produtor-rural\/","title":{"rendered":"Encontro Ruralista debate assuntos de interesse do produtor rural"},"content":{"rendered":"<p><em>A 54\u00aa edi\u00e7\u00e3o do Encontro Ruralista \u201cVencendo Sempre\u201d realizada hoje (9) come\u00e7ou com apresenta\u00e7\u00f5es sobre o \u201cPROPAR\u00c1\u201d e debates sobre a atualiza\u00e7\u00e3o da NR 31 e impactos para o setor, entre outros temas de interesse do agro.<\/em><\/p>\n<p>A 54\u00aa edi\u00e7\u00e3o do Encontro Ruralista \u201cVencendo Sempre\u201d come\u00e7ou com apresenta\u00e7\u00f5es sobre o \u201cPROPAR\u00c1 \u2013 Agroneg\u00f3cio Competitivo\u201d, que consiste na apresenta\u00e7\u00e3o de propostas de entidades parceiras p\u00fablicas e privadas com objetivo de integrar e aprimorar a\u00e7\u00f5es estrat\u00e9gicas para a retomada do crescimento econ\u00f4mico p\u00f3s-pandemia.<\/p>\n<p>O primeiro assunto foi apresentado pelo presidente da Federa\u00e7\u00e3o da Agricultura e Pecu\u00e1ria do Par\u00e1 (Faepa), Carlos Xavier, na presen\u00e7a do vice-presidente Vilson Schuber e dos diretores Alfonso Rio e Ribamar Sizo.<\/p>\n<p>O PR\u00d3PAR\u00c1 \u00e9 uma iniciativa do setor produtivo, atrav\u00e9s do F\u00f3rum das Entidades Empresariais, e est\u00e1 alinhada com o Conselho de Desenvolvimento do Estado \u2013 CDE. Em sua apresenta\u00e7\u00e3o, o presidente da Faepa, Carlos Xavier, destacou a consci\u00eancia ambiental, a pol\u00edtica de Integra\u00e7\u00e3o da Amaz\u00f4nia, o contexto atual e as potencialidades do Par\u00e1, al\u00e9m de mencionar as metas e as dimens\u00f5es do programa.<\/p>\n<p>O PR\u00d3PAR\u00c1 prev\u00ea a concretiza\u00e7\u00e3o de um ciclo que envolve: Melhoria da Produtividade \u2013 visando a realiza\u00e7\u00e3o de a\u00e7\u00f5es concretas para garantir seguran\u00e7a jur\u00eddica e as condi\u00e7\u00f5es m\u00ednimas de desenvolvimento de sua atividade na infraestrutura e nos ambientes de inova\u00e7\u00e3o tecnol\u00f3gica (Ci\u00eancia e Tecnologia, Forma\u00e7\u00e3o Profissional e Assist\u00eancia T\u00e9cnica e Gerencial);\u00a0 Log\u00edstica \u2013 Investimentos Estruturantes \u2013 Com 1,2 milh\u00e3o de km2, o Estado do Par\u00e1 imp\u00f5e desafios para a produ\u00e7\u00e3o, os quais exigem recursos em larga escala para fazer frente a portos, estradas, ferrovias e hidrovias; Seguran\u00e7a Jur\u00eddica Fundi\u00e1ria e Ambiental \u2013 A adequa\u00e7\u00e3o fundi\u00e1ria e ambiental da propriedade e das atividades produtivas do Estado exige tempestividade. A origem dos recursos contempla a cria\u00e7\u00e3o do Fundo Preservar de apoio a PPPs, investimentos setoriais e log\u00edsticos.<\/p>\n<p>\u201cVamos unir nossas especialidades para promover o que o Par\u00e1 tem de melhor, compreendendo a for\u00e7a do setor produtivo do nosso estado. Essa proposta abrir\u00e1 novas frentes de trabalho, possibilitando pol\u00edticas de incentivo e \u00e0 atra\u00e7\u00e3o de investimentos direcionados para alavancar o desenvolvimento do estado do Par\u00e1\u201d, afirmou o presidente da Faepa, Carlos Xavier.\u00a0 \u201cVejo que existem enormes oportunidades para trabalharmos em conjunto e a proposta est\u00e1 em discuss\u00e3o\u201d, disse.<\/p>\n<p><strong>SENAR: AVAN\u00c7OS 2020 E PERSPECTIVAS 2021<\/strong><\/p>\n<p>O superintendente do Senar, Walter Cardoso, comentou sobre as a\u00e7\u00f5es de Forma\u00e7\u00e3o Profissional Rural, Atividades de Promo\u00e7\u00e3o Social, Ensino T\u00e9cnico de N\u00edvel M\u00e9dio, presencial e a dist\u00e2ncia, e um modelo inovador de Assist\u00eancia T\u00e9cnica e Gerencial, que deve assistir 1500 propriedades em 2021.<\/p>\n<p>Walter destacou a import\u00e2ncia da Educa\u00e7\u00e3o a Dist\u00e2ncia do Servi\u00e7o Nacional de Aprendizagem Rural (EaD\/Senar), que completou 10 anos em 2020 com mais de 1 milh\u00e3o de matr\u00edculas.\u00a0 Apenas este ano, a institui\u00e7\u00e3o promoveu 158,9 mil pessoas em 81 cursos, informou. \u201cA educa\u00e7\u00e3o a dist\u00e2ncia veio para ficar de vez e, mais do que nunca, agora na pandemia, se faz necess\u00e1ria. O produtor rural est\u00e1 se reinventando e a prova disso s\u00e3o os acessos aos cursos a dist\u00e2ncia do Senar\u201d, disse o superintendente.<\/p>\n<p>Outro tema foi o projeto inovador e in\u00e9dito em todo o Brasil, a Escolha Ind\u00fastria de Chocolate do Senar,\u00a0 \u00a0desenvolvido em parceria com a Comiss\u00e3o Executiva do Plano da Lavoura Cacaueira (Ceplac) e o Governo do Estado do Par\u00e1, atrav\u00e9s da Secretaria de Desenvolvimento Agropecu\u00e1rio e da Pesca (Sedap) e do Fundo de Desenvolvimento da Cacauicultura do Par\u00e1 (Funcacau), com objetivo de possibilitar a verticaliza\u00e7\u00e3o da produ\u00e7\u00e3o de cacau no estado do Par\u00e1, atualmente o maior produtor mundial da am\u00eandoa, atrav\u00e9s da gera\u00e7\u00e3o de conhecimento, agregando valor ao cultivo do fruto e incentivando o produtor rural a investir na produ\u00e7\u00e3o de chocolate. A iniciativa contempla a instala\u00e7\u00e3o de um total de 5 escolas nos mun\u00edcipios de Altamira, Igarap\u00e9-Miri, Tom\u00e9-A\u00e7u, Medicil\u00e2ndia e Castanhal, e ainda, a implanta\u00e7\u00e3o de uma unidade m\u00f3vel para a produ\u00e7\u00e3o de chocolate.<\/p>\n<p>Dentro dessa proposta, na escola Ind\u00fastria ser\u00e3o promovidas palestras t\u00e9cnicas sobre o manejo do cacau ao chocolate, quando os participantes ter\u00e3o a oportunidade de compartilhar de aulas pr\u00e1ticas e vivenciar o contato com maquin\u00e1rio para o aprendizado da produ\u00e7\u00e3o de chocolate. \u201cTrata-se de um projeto inovador, sendo o primeiro do Senar a n\u00edvel nacional, que tem como objetivo incentivar o produtor rural a ter acesso ao conhecimento e, com isso, tamb\u00e9m impulsionar o desenvolvimento do agroneg\u00f3cio no estado. \u00c9 um projeto que movimenta toda uma cadeia, gerando emprego, renda e desenvolvimento para o agroneg\u00f3cio paraense\u201d, frisou Walter.<\/p>\n<p>O superintendente tamb\u00e9m falou sobre a Faculdade CNA, que est\u00e1 com inscri\u00e7\u00f5es abertas para o processo seletivo do semestre 2021\/1. H\u00e1 tr\u00eas formas de ingresso: vestibular; aproveitamento da nota do Exame Nacional do Ensino M\u00e9dio (ENEM) ou por an\u00e1lise documental &#8211; em caso de segunda gradua\u00e7\u00e3o. O edital completo est\u00e1 dispon\u00edvel no link <a href=\"http:\/\/faculdade.cnabrasil.org.br\/arquivos\/editais\/edital_20211.pdf\">http:\/\/faculdade.cnabrasil.org.br\/arquivos\/editais\/edital_20211.pdf<\/a><\/p>\n<p>A novidade para este ano \u00e9 a inaugura\u00e7\u00e3o de dois polos de ensino no Par\u00e1. Al\u00e9m de Santa Izabel do Par\u00e1, agora tamb\u00e9m haver\u00e1 unidades em Capanema e Ulian\u00f3polis. O objetivo \u00e9 aproveitar a estrutura j\u00e1 existente nos sindicatos rurais dos respectivos munic\u00edpios.\u00a0S\u00e3o ofertados quatro cursos tecn\u00f3logos na modalidade de Educa\u00e7\u00e3o a Dist\u00e2ncia (EAD): Gest\u00e3o de Recursos Humanos; Gest\u00e3o Ambiental; Gest\u00e3o em Agroneg\u00f3cio e Tecnologia em Processos Gerenciais. A dura\u00e7\u00e3o varia entre dois e tr\u00eas anos, a depender do curso escolhido.<\/p>\n<p>Para o superintendente, Walter Cardoso, a Faculdade CNA surge como uma importante ferramenta de forma\u00e7\u00e3o t\u00e9cnica e profissional para o meio rural. &#8220;Quem faz os cursos da Faculdade CNA tem a possibilidade de imergir no mundo do agroneg\u00f3cio e consequentemente ajuda a fomentar o meio rural. \u00c9 uma faculdade que veio com uma outra vis\u00e3o, a vis\u00e3o do produtor rural, de quem vive o agro diariamente&#8221;.<\/p>\n<p><strong>Perspectivas para 2021<\/strong> \u2013 A estimativa do Senar Par\u00e1 \u00e9 de atender 85 mil pessoas em 2021, atrav\u00e9s de suas a\u00e7\u00f5es. No pr\u00f3ximo ano, o Senar lan\u00e7ar\u00e1 um aplicativo de cartilhas, em que o produtor ter\u00e1 acesso ao material elaborado pela entidade sobre diversos temas. Atualmente, o Senar tem a Estante Virtual, com 175 t\u00edtulos dispon\u00edveis para download.\u00a0<a style=\"font-style: inherit;font-weight: inherit\" href=\"https:\/\/www.cnabrasil.org.br\/senar\/colecao-senar\">Clique aqui para acess\u00e1-la.\u00a0<\/a><\/p>\n<p><strong>QUEST\u00d5ES TRABALHISTAS E FUNDI\u00c1RIAS E SEUS IMPACTOS PARA O AGRO<\/strong><\/p>\n<p>A assessora t\u00e9cnica da Faepa, Eliana Zacca, coordenou o painel sobre quest\u00f5es trabalhistas e fundi\u00e1rias e seus impactos para o agro.<\/p>\n<p><strong>NR 31 \u2013<\/strong> A atualiza\u00e7\u00e3o da Norma Regulamentadora (NR) 31 e os impactos para o setor foram analisados pelo assessor jur\u00eddico da CNA, Rodrigo Hugueney. A norma, que trata sobre a seguran\u00e7a e sa\u00fade no trabalho na agricultura, pecu\u00e1ria, silvicultura, explora\u00e7\u00e3o florestal e aquicultura, foi atualizada pela Portaria n\u00ba 22.677. A nova legisla\u00e7\u00e3o entra em vigor no dia 27 de outubro de 2021.<\/p>\n<p>Segundo ele, o novo texto simplificou as regras, trouxe diversos avan\u00e7os para o setor agropecu\u00e1rio e mais seguran\u00e7a jur\u00eddica, al\u00e9m de especifica\u00e7\u00f5es para o campo e aprimorou pontos como o uso de \u00e1reas de viv\u00eancia e o reaproveitamento de treinamentos para funcion\u00e1rios em um intervalo de dois anos, entre outros. \u201cUma das principais vantagens foi trazer mais clareza e seguran\u00e7a jur\u00eddica para o produtor. Isso vai reduzir o n\u00famero de autua\u00e7\u00f5es que aconteciam e permitir mudan\u00e7as que representam um ganho enorme no dia a dia da propriedade\u201d, declarou.<\/p>\n<p>Durante a apresenta\u00e7\u00e3o, Rodrigo Hugueney apresentou um hist\u00f3rico da norma, que esteve em processo de revis\u00e3o desde 2005. \u201cQuando a NR foi publicada, iniciamos o acompanhamento e a revis\u00e3o de diversos itens que n\u00e3o eram aplic\u00e1veis \u00e0 realidade do campo\u201d.<\/p>\n<p>Segundo o assessor jur\u00eddico da CNA, os principais pontos da nova reda\u00e7\u00e3o da NR 31 foram a redu\u00e7\u00e3o e a reestrutura\u00e7\u00e3o dos cap\u00edtulos para facilitar o entendimento dos auditores, empregadores e trabalhadores, a simplifica\u00e7\u00e3o da linguagem para o produtor rural e a aplicabilidade somente desta norma para o setor. \u201cO setor rural sempre sofreu muito com a aplica\u00e7\u00e3o indevida de outras normas urbanas. Com a revis\u00e3o, ficou definido que s\u00f3 a NR 31 ser\u00e1 aplicada nas propriedades rurais e outras normas apenas com remiss\u00e3o expressa, o que trouxe seguran\u00e7a jur\u00eddica a todo o setor\u201d, disse.<\/p>\n<p>De acordo com Rodrigo, a revis\u00e3o do cap\u00edtulo que trata das condi\u00e7\u00f5es sanit\u00e1rias e de conforto no trabalho rural tamb\u00e9m foi outra inova\u00e7\u00e3o. \u201cHouve v\u00e1rias mudan\u00e7as, como a possibilidade de utiliza\u00e7\u00e3o de moradia e hotel como alojamento e a altera\u00e7\u00e3o nas disposi\u00e7\u00f5es de camas e utiliza\u00e7\u00e3o de beliches comprados em lojas, o que n\u00e3o era poss\u00edvel antes, dadas obriga\u00e7\u00f5es existentes na norma\u201d. \u201cO nosso objetivo agora \u00e9 levar as informa\u00e7\u00f5es at\u00e9 a base e, para isso, vamos contar com o apoio dos sindicatos rurais\u201d, finalizou.<\/p>\n<p><strong>VTN \u2013 <\/strong>Em seguida, Eliana Zacca falou sobre a aprova\u00e7\u00e3o, em setembro\/2020, pelo Conselho de Pol\u00edtica Agr\u00edcola, Agr\u00e1ria e Fundi\u00e1ria do Estado do Par\u00e1 \u2013 CEPAF, constitu\u00eddo por 25 institui\u00e7\u00f5es de natureza p\u00fablica e privada, presidido pelo Secret\u00e1rio de Desenvolvimento Agropecu\u00e1rio e da Pesca, Hugo Suenaga, da nova Tabela de Pre\u00e7os de Refer\u00eancia do Valor de Terra Nua \u2013 VTN, proposta pela Federa\u00e7\u00e3o de Agricultura e Pecu\u00e1ria do Par\u00e1 \u2013 FAEPA, com vistas a incentivar e viabilizar a regulariza\u00e7\u00e3o fundi\u00e1ria de im\u00f3veis rurais de produtores que j\u00e1 est\u00e3o ocupando a terra e cumprindo a sua fun\u00e7\u00e3o social. Os crit\u00e9rios que balizaram a constru\u00e7\u00e3o da proposta s\u00e3o: a) ado\u00e7\u00e3o das Regi\u00f5es de Integra\u00e7\u00e3o, como crit\u00e9rio de regionaliza\u00e7\u00e3o, b) ado\u00e7\u00e3o do conceito do valor de terra nua utilizado pelo Incra, dada a semelhan\u00e7a de objetivos pretendidos com os do Iterpa; c) fixa\u00e7\u00e3o do valor m\u00ednimo da tabela de refer\u00eancia de VTN do Incra, para efeitos de regulariza\u00e7\u00e3o fundi\u00e1ria onerosa; d) unifica\u00e7\u00e3o do pre\u00e7o de refer\u00eancia para os munic\u00edpios integrantes de uma mesma regi\u00e3o de integra\u00e7\u00e3o; e) ado\u00e7\u00e3o do crit\u00e9rio de fixa\u00e7\u00e3o do pre\u00e7o do im\u00f3vel de acordo com o tamanho da \u00e1rea em m\u00f3dulos fiscais, estabelecendo-se o percentual entre 10% a 50% do valor estabelecido por regi\u00e3o de integra\u00e7\u00e3o.<\/p>\n<p><strong>TITULA BRASIL<\/strong> \u2013 O secret\u00e1rio Especial de Assuntos Fundi\u00e1rios do Minist\u00e9rio da Agricultura, Pecu\u00e1ria e Abastecimento, Luiz Ant\u00f4nio Nabhan Garcia, falou sobre a cria\u00e7\u00e3o do Programa Titula Brasil para ampliar os procedimentos de titula\u00e7\u00e3o e regulariza\u00e7\u00e3o fundi\u00e1ria das \u00e1reas rurais sob dom\u00ednio da Uni\u00e3o ou do Instituto Nacional de Coloniza\u00e7\u00e3o e Reforma Agr\u00e1ria (Incra). A portaria publicada em 3 dezembro, no Di\u00e1rio Oficial da Uni\u00e3o (DOU).<\/p>\n<p>\u201cPor meio desta portaria, vamos trazer uma viabilidade extremamente positiva no sentido de regulariza\u00e7\u00e3o fundi\u00e1ria. \u00c9 a portaria que estabelece a parceria entre o Incra e todas as prefeituras do Brasil, com destaque principal para os nove estados da Amaz\u00f4nia Legal\u201d, explicou Nabhan Garcia.<\/p>\n<p>A portaria prev\u00ea a participa\u00e7\u00e3o volunt\u00e1ria dos munic\u00edpios no Programa Titula Brasil, por meio de parcerias com o Incra. Segundo Nabhan, em breve ser\u00e1 publicado um edital de chamamento p\u00fablico.<\/p>\n<p>Para o secret\u00e1rio, o Brasil deveria ser visto como exemplo de crescimento de um pa\u00eds que respeita as leis. \u201cPossu\u00edmos energia limpa, florestas preservadas, al\u00e9m de sermos a \u00faltima fronteira agr\u00edcola do mundo, dispondo de um C\u00f3digo Florestal que deveria servir de exemplo para o mundo\u201d, revelou.<\/p>\n<p>Conforme determina a portaria, o Titula Brasil ser\u00e1 executado diretamente pelo N\u00facleo Municipal de Regulariza\u00e7\u00e3o Fundi\u00e1ria (NMRF). Ficar\u00e1 a cargo da Secretaria Especial de Assuntos Fundi\u00e1rios do Minist\u00e9rio da Agricultura, Pecu\u00e1ria e Abastecimento formular e normatizar as diretrizes do Programa.<\/p>\n<p>De acordo com o Minist\u00e9rio da Agricultura, Pecu\u00e1ria e Abastecimento, ser\u00e3o elaborados, em at\u00e9 60 dias, o Regulamento Operacional e o Manual de Planejamento e Fiscaliza\u00e7\u00e3o do Programa. A partir disso, ser\u00e3o definidos procedimentos para agilizar os processos de regulariza\u00e7\u00e3o fundi\u00e1ria em \u00e1reas rurais pertencentes \u00e0 Uni\u00e3o ou em nome do Incra, dentro do que prev\u00ea a legisla\u00e7\u00e3o vigente.<\/p>\n<p><strong>SEGURAN\u00c7A NO CAMPO<\/strong> &#8211; O coronel Solano, assessor do NAE &#8211; N\u00facleo de Apoio Empresarial, coordenou o painel sobre Seguran\u00e7a no Campo. Na ocasi\u00e3o, o Coronel\u00a0D\u00edlson J\u00fanior, bacharel em Direito e mestre em Seguran\u00e7a P\u00fablica pela Universidade Federal do Par\u00e1 (Ufpa), falou sobre o Patrulha Rural, estrat\u00e9gia de preven\u00e7\u00e3o e enfrentamento \u00e0 criminalidade no campo. Em seguida, o advogado Marcos Pollon, falou acerca da legisla\u00e7\u00e3o que ampara o porte de arma\u00a0 para o amor produtor rural, no intuito de viabilizar a difus\u00e3o do conhecimento a respeito do assunto. Marcos \u00e9 especialista em legisla\u00e7\u00e3o de controle de armas, ativista pr\u00f3 armas, um dos idealizadores do Movimento Pr\u00f3 Armas, cujo objetivo \u00e9 produzir informa\u00e7\u00f5es sobre o acesso civil \u00e0s armas de fogo, seja como cidad\u00e3o comum ou como atirador esportivo, ca\u00e7ador ou colecionador. Em sua mensagem Marcos alertou a necessidade de defesa. \u201cDevemos defender as vidas, as propriedades rurais, e o futuro que constru\u00edmos para os nossos filhos\u201d, disse. \u00a0O coronel Dilson J\u00fanior, falou sobre a import\u00e2ncia de socializar informa\u00e7\u00f5es e alertou sobre a necessidade de di\u00e1logo com a PM. \u201cPrecisamos trocar informa\u00e7\u00f5es para desempenharmos melhor nossas fun\u00e7\u00f5es. Procurem representantes das suas regi\u00f5es para que possamos atuar da melhor forma poss\u00edvel em prol de todos os produtores rurais do estado do Par\u00e1 e da atividade produtiva rural\u201d, destacou.<strong>\u00a0<\/strong><\/p>\n<p><strong>DEFESA AGROPECU\u00c1RIA<\/strong><\/p>\n<p>O diretor da Faepa, zootecnista Guilherme Minssen, e a diretora t\u00e9cnica do Fundepec, a m\u00e9dica veterin\u00e1ria Rosirayna Remor, coordenaram o painel sobre defesa agropecu\u00e1ria, que tratou sobre o sobre os procedimentos para a retirada da vacina da febre aftosa no Par\u00e1 e tamb\u00e9m do programa Nacional de Erradica\u00e7\u00e3o da Brucelose e Tuberculose.<\/p>\n<p>A fiscal agropecu\u00e1ria Samyra Alves Albuquerque de Lima, coordenadora da equipe gestora estadual do PNEFA, esclareceu sobre o Plano Estrat\u00e9gico do PNEFA, que objetiva a suspens\u00e3o da vacina contra a febre aftosa no Brasil e a garantia do status de \u201c\u00e1rea livre da doen\u00e7a sem vacina\u00e7\u00e3o\u201d. O processo de suspens\u00e3o da vacina ocorrer\u00e1 de maneira progressiva, com a\u00e7\u00f5es adotadas a n\u00edvel nacional, estadual e municipal.<\/p>\n<p>O Programa Nacional de Vigil\u00e2ncia para Febre Aftosa (PNEFA) objetiva criar e manter condi\u00e7\u00f5es sustent\u00e1veis para garantir o status de pa\u00eds livre de aftosa e ampliar as zonas de status \u2018livre da doen\u00e7a sem vacina\u00e7\u00e3o\u2019. Para realizar a transi\u00e7\u00e3o de status sanit\u00e1rio, foram considerados crit\u00e9rios t\u00e9cnicos e estrat\u00e9gicos. A uni\u00e3o dos esfor\u00e7os p\u00fablicos e privados, a infraestrutura dos servi\u00e7os veterin\u00e1rios e os fundamentos t\u00e9cnicos s\u00e3o a base para a conquista. O objetivo agora \u00e9 que o Brasil possa suspender a vacina\u00e7\u00e3o contra a febre aftosa de todos os estados brasileiros.<\/p>\n<p>\u201cO Par\u00e1 avan\u00e7ou muito a respeito do combate \u00e0 febre aftosa, por ter sido reconhecido internacionalmente como \u00e1rea livre da doen\u00e7a com vacina\u00e7\u00e3o no ano de 2018. A febre aftosa n\u00e3o \u00e9 um problema somente do produtor de gado, visto que a ocorr\u00eancia dessa enfermidade no pa\u00eds traz grandes impactos econ\u00f4micos em diversas \u00e1reas da economia\u201d, explicou Samyra.<\/p>\n<p>A elabora\u00e7\u00e3o da retirada da vacina foi baseada em estudos cient\u00edficos, na dissemina\u00e7\u00e3o do v\u00edrus e nos benef\u00edcios econ\u00f4micos para o pa\u00eds. O status de \u00e1rea \u201clivre da febre aftosa sem vacina\u00e7\u00e3o\u201d pode proporcionar vantagens de exporta\u00e7\u00e3o at\u00e9 mesmo em setores n\u00e3o relacionados \u00e0 pecu\u00e1ria, visto que os mercados internacionais imp\u00f5em r\u00edgidas barreiras sanit\u00e1rias para a compra de produtos.<\/p>\n<p>Em seguida, a gerente do Programa Estadual do Controle e Erradica\u00e7\u00e3o da Brucelose e Tuberculose, Alcinda Oliveira, falou sobre o programa nacional de erradica\u00e7\u00e3o das duas zoonoses.\u00a0\u201cAtualmente, estamos utilizando esse novo sistema chamado Lecom, institu\u00eddo pelo Minist\u00e9rio da Agricultura, Pecu\u00e1ria e Abastecimento (Mapa), no qual tanto os m\u00e9dicos veterin\u00e1rios j\u00e1 habilitados quanto os que est\u00e3o solicitando a habilita\u00e7\u00e3o v\u00e3o precisar se cadastrar\u201d, explicou Alcinda.<\/p>\n<p>Os documentos enviados pelos profissionais por meio do sistema passam pela avalia\u00e7\u00e3o da Adepar\u00e1 que, posteriormente, encaminha ao Mapa para valida\u00e7\u00e3o. Ap\u00f3s a autoriza\u00e7\u00e3o ser concedida, o m\u00e9dico veterin\u00e1rio fica habilitado a realizar exames para tuberculose e brucelose em rebanhos mantidos no territ\u00f3rio paraense. \u00c9 importante frisar que, al\u00e9m da habilita\u00e7\u00e3o, \u00e9 necess\u00e1rio o cadastro no Sistema de Integra\u00e7\u00e3o Agropecu\u00e1ria (Siapec 3), utilizado pela Adepar\u00e1 nas \u00e1reas de defesa animal, vegetal e inspe\u00e7\u00e3o.<\/p>\n<p>Os profissionais que n\u00e3o trabalham com o diagn\u00f3stico das duas enfermidades n\u00e3o s\u00e3o obrigados a solicitar a habilita\u00e7\u00e3o. Por\u00e9m, se desejarem atuar no programa, precisam se cadastrar na Ag\u00eancia de Defesa Agropecu\u00e1ria do Par\u00e1. \u201cN\u00e3o \u00e9 obrigat\u00f3rio que todo m\u00e9dico veterin\u00e1rio tenha a habilita\u00e7\u00e3o, pois ele pode n\u00e3o ter o interesse de atuar na realiza\u00e7\u00e3o de exames, e sim apenas querer trabalhar na aplica\u00e7\u00e3o de vacinas contra a brucelose e a tuberculose. Nesse caso, basta ter o cadastro junto \u00e0 Adepar\u00e1\u201d, informou Alcinda Oliveira.<\/p>\n<p><strong>AG\u00caNCIA DE NOT\u00cdCIAS<\/strong><\/p>\n<p>O assessor de Comunica\u00e7\u00e3o da Faepa, jornalista Walbert Monteiro, coordenou o painel sobre a Ag\u00eancia de Not\u00edcias, que consiste num projeto de desenvolvimento de um espa\u00e7o que traga informa\u00e7\u00f5es positivas sobre a Amaz\u00f4nia, atrav\u00e9s de parcerias com institui\u00e7\u00f5es privadas relacionadas ao setor produtivo.<\/p>\n<p>O painel contou com a participa\u00e7\u00e3o do diretor de agroneg\u00f3cios da AB&amp;DF Agro, Ademir Fiel, abordando o planejamento do projeto que est\u00e1 baseado em tr\u00eas eixos, Comunica\u00e7\u00e3o Estrat\u00e9gica, Monitoramento Regulat\u00f3rio e Des\/Re Constru\u00e7\u00e3o Conceitual. Para Ademir, o projeto prev\u00ea revolucionar a forma como se v\u00ea a Amaz\u00f4nia.<\/p>\n<p><strong>ASSINATURA DE DOCUMENTOS E ENCERRAMENTO<\/strong><\/p>\n<p>Durante o evento, o Sistema Faepa\/Senar e a Ufra celebraram parcerias para fortalecer o setor da Agricultura e Pecu\u00e1ria no Par\u00e1. Na oportunidade, o reitor da Ufra, Marcel Botelho, falou sobre a necessidade de parcerias que tornem o Estado cada vez mais protagonista do agroneg\u00f3cio, compreendendo a\u00e7\u00f5es que \u00a0aperfei\u00e7oem cada vez mais as atividades do campo.<\/p>\n<p>O deputado estadual Igor Normando participou do encerramento do encontro e disse ser necess\u00e1ria uma batalha contra as fake News. \u201cPrecisamos defender o que \u00e9 justo, o que \u00e9 verdade, o que importante para nosso pa\u00eds\u201d, disse, colocando seu mandado a disposi\u00e7\u00e3o do homem do campo.<\/p>\n<p>O presidente do Iterpa, Bruno Kono, destacou que o momento que est\u00e1 se concretizando \u00e9 de extrema import\u00e2ncia no que diz respeito as demandas de regulariza\u00e7\u00e3o fundi\u00e1ria. \u201cAtrav\u00e9s de parcerias como a nossa, buscamos promover uma regulariza\u00e7\u00e3o \u00e1gil, eficiente, que coloque o t\u00edtulo nas m\u00e3os de quem mais precisa, o produtor rural\u201d, destacou.<\/p>\n<p>O secret\u00e1rio de Sedap, Hugo Suenaga, agradeceu pelas parcerias com o Sistema Faepa\/Senar e destacou o papel e a import\u00e2ncia dos sindicatos que est\u00e3o l\u00e1 na ponta. \u201cEstamos aqui para desenvolver pol\u00edticas p\u00fablicas (executivo e legislativo) voltadas ao produtor rural e apoiar iniciativas como a do PR\u00d3PAR\u00c1, que incentivem o desenvolvimento do estado, a gera\u00e7\u00e3o de emprego e renda. Que o Par\u00e1 seja a maior potencialidade do agroneg\u00f3cio no futuro\u201d, finalizou.<\/p>\n<p>Durante todo o encontro, os coordenadores de N\u00facleos Regionais e os presidentes de Sindicatos Rurais puderem participar dos debates, enviando suas perguntas ao vivo. Ao final do encontro foram divulgadas duas mo\u00e7\u00f5es. O Encontro Ruralista \u00e9 uma iniciativa do Sistema Faepa\/Senar\/Sindicatos, com apoio da CNA, e envolveu a participa\u00e7\u00e3o online dos delegados representantes dos Sindicatos de Produtores Rurais nos 10 N\u00facleos Regionais, al\u00e9m de diretores, t\u00e9cnicos e convidados. \u00a0A pr\u00f3xima edi\u00e7\u00e3o do Encontro acontecer\u00e1 no primeiro semestre de 2021.<\/p>\n<p>Texto: Lorena Daibes<\/p>\n","protected":false},"excerpt":{"rendered":"<p>A 54\u00aa edi\u00e7\u00e3o do Encontro Ruralista \u201cVencendo Sempre\u201d realizada hoje (9) come\u00e7ou com apresenta\u00e7\u00f5es sobre o \u201cPROPAR\u00c1\u201d e debates sobre a atualiza\u00e7\u00e3o da NR 31 e impactos para o setor, entre outros temas de interesse do agro. A 54\u00aa edi\u00e7\u00e3o do Encontro Ruralista \u201cVencendo Sempre\u201d come\u00e7ou com apresenta\u00e7\u00f5es sobre o \u201cPROPAR\u00c1 \u2013 Agroneg\u00f3cio Competitivo\u201d, que [&hellip;]<\/p>\n","protected":false},"author":1,"featured_media":4254,"comment_status":"open","ping_status":"open","sticky":false,"template":"","format":"standard","meta":{"_et_pb_use_builder":"","_et_pb_old_content":"","_et_gb_content_width":"","footnotes":""},"categories":[1],"tags":[],"class_list":["post-4253","post","type-post","status-publish","format-standard","has-post-thumbnail","hentry","category-sem-categoria"],"_links":{"self":[{"href":"https:\/\/sistemafaepa.com.br\/senar\/wp-json\/wp\/v2\/posts\/4253","targetHints":{"allow":["GET"]}}],"collection":[{"href":"https:\/\/sistemafaepa.com.br\/senar\/wp-json\/wp\/v2\/posts"}],"about":[{"href":"https:\/\/sistemafaepa.com.br\/senar\/wp-json\/wp\/v2\/types\/post"}],"author":[{"embeddable":true,"href":"https:\/\/sistemafaepa.com.br\/senar\/wp-json\/wp\/v2\/users\/1"}],"replies":[{"embeddable":true,"href":"https:\/\/sistemafaepa.com.br\/senar\/wp-json\/wp\/v2\/comments?post=4253"}],"version-history":[{"count":0,"href":"https:\/\/sistemafaepa.com.br\/senar\/wp-json\/wp\/v2\/posts\/4253\/revisions"}],"wp:featuredmedia":[{"embeddable":true,"href":"https:\/\/sistemafaepa.com.br\/senar\/wp-json\/"}],"wp:attachment":[{"href":"https:\/\/sistemafaepa.com.br\/senar\/wp-json\/wp\/v2\/media?parent=4253"}],"wp:term":[{"taxonomy":"category","embeddable":true,"href":"https:\/\/sistemafaepa.com.br\/senar\/wp-json\/wp\/v2\/categories?post=4253"},{"taxonomy":"post_tag","embeddable":true,"href":"https:\/\/sistemafaepa.com.br\/senar\/wp-json\/wp\/v2\/tags?post=4253"}],"curies":[{"name":"wp","href":"https:\/\/api.w.org\/{rel}","templated":true}]}}