{"id":4240,"date":"2020-12-08T14:14:32","date_gmt":"2020-12-08T17:14:32","guid":{"rendered":"http:\/\/sistemafaepa.com.br\/senar\/2020\/12\/08\/programa-titula-brasil-sera-apresentado-no-54-encontro-ruralista-pelo-secretario-nabhan-garcia\/"},"modified":"2020-12-08T14:14:32","modified_gmt":"2020-12-08T17:14:32","slug":"programa-titula-brasil-sera-apresentado-no-54-encontro-ruralista-pelo-secretario-nabhan-garcia","status":"publish","type":"post","link":"https:\/\/sistemafaepa.com.br\/senar\/programa-titula-brasil-sera-apresentado-no-54-encontro-ruralista-pelo-secretario-nabhan-garcia\/","title":{"rendered":"Programa Titula Brasil ser\u00e1 apresentado no 54\u00b0 Encontro Ruralista pelo secret\u00e1rio Nabhan Garcia"},"content":{"rendered":"<p>O 54\u00b0 Encontro Ruralista contar\u00e1 com a participa\u00e7\u00e3o do secret\u00e1rio Especial de Assuntos Fundi\u00e1rios, do Minist\u00e9rio da Agricultura, Pecu\u00e1ria e Abastecimento, Ministro Nabhan Garcia, que falar\u00e1 sobre o Programa Titula Brasil, importante iniciativa do Governo Federal com objetivo de acelerar o processo de regulariza\u00e7\u00e3o fundi\u00e1ria, em parceria com os mun\u00edcipios paraenses.<\/p>\n<p dir=\"ltr\">Com o tema &#8220;Vencendo Sempre&#8221;, o evento acontece amanh\u00e3 (9), das 9h \u00e0s 17h, no audit\u00f3rio do Sistema Faepa\/Senar, em Bel\u00e9m, com transmiss\u00e3o ao vivo para os 10 N\u00facleos Regionais.<\/p>\n<p dir=\"ltr\">O presidente da Faepa, Carlos Xavier, menciona em carta divulgada nesta ter\u00e7a-feira (8), ser de suma import\u00e2ncia a participa\u00e7\u00e3o de Prefeitos nos dez N\u00facleos Regionais. A parceria ser\u00e1 realizada entre o INCRA e as Prefeituras Municipais.<br \/>\n<!--\/data\/user\/0\/com.samsung.android.app.notes\/files\/clipdata\/clipdata_bodytext_201208_140854_415.sdocx--><\/p>\n","protected":false},"excerpt":{"rendered":"<p>O 54\u00b0 Encontro Ruralista contar\u00e1 com a participa\u00e7\u00e3o do secret\u00e1rio Especial de Assuntos Fundi\u00e1rios, do Minist\u00e9rio da Agricultura, Pecu\u00e1ria e Abastecimento, Ministro Nabhan Garcia, que falar\u00e1 sobre o Programa Titula Brasil, importante iniciativa do Governo Federal com objetivo de acelerar o processo de regulariza\u00e7\u00e3o fundi\u00e1ria, em parceria com os mun\u00edcipios paraenses. Com o tema &#8220;Vencendo [&hellip;]<\/p>\n","protected":false},"author":1,"featured_media":4241,"comment_status":"open","ping_status":"open","sticky":false,"template":"","format":"standard","meta":{"_et_pb_use_builder":"","_et_pb_old_content":"","_et_gb_content_width":"","footnotes":""},"categories":[1],"tags":[],"class_list":["post-4240","post","type-post","status-publish","format-standard","has-post-thumbnail","hentry","category-sem-categoria"],"_links":{"self":[{"href":"https:\/\/sistemafaepa.com.br\/senar\/wp-json\/wp\/v2\/posts\/4240","targetHints":{"allow":["GET"]}}],"collection":[{"href":"https:\/\/sistemafaepa.com.br\/senar\/wp-json\/wp\/v2\/posts"}],"about":[{"href":"https:\/\/sistemafaepa.com.br\/senar\/wp-json\/wp\/v2\/types\/post"}],"author":[{"embeddable":true,"href":"https:\/\/sistemafaepa.com.br\/senar\/wp-json\/wp\/v2\/users\/1"}],"replies":[{"embeddable":true,"href":"https:\/\/sistemafaepa.com.br\/senar\/wp-json\/wp\/v2\/comments?post=4240"}],"version-history":[{"count":0,"href":"https:\/\/sistemafaepa.com.br\/senar\/wp-json\/wp\/v2\/posts\/4240\/revisions"}],"wp:featuredmedia":[{"embeddable":true,"href":"https:\/\/sistemafaepa.com.br\/senar\/wp-json\/"}],"wp:attachment":[{"href":"https:\/\/sistemafaepa.com.br\/senar\/wp-json\/wp\/v2\/media?parent=4240"}],"wp:term":[{"taxonomy":"category","embeddable":true,"href":"https:\/\/sistemafaepa.com.br\/senar\/wp-json\/wp\/v2\/categories?post=4240"},{"taxonomy":"post_tag","embeddable":true,"href":"https:\/\/sistemafaepa.com.br\/senar\/wp-json\/wp\/v2\/tags?post=4240"}],"curies":[{"name":"wp","href":"https:\/\/api.w.org\/{rel}","templated":true}]}}