{"id":2520,"date":"2022-11-04T17:07:54","date_gmt":"2022-11-04T20:07:54","guid":{"rendered":"https:\/\/sistemafaepa.com.br\/fundepec\/2022\/11\/04\/v-forum-estadual-de-vigilancia-para-febre-aftosa-destaca-acoes-realizadas-no-para-e-apresenta-acoes-do-plano-estrategico-2017-2026\/"},"modified":"2022-11-04T17:07:54","modified_gmt":"2022-11-04T20:07:54","slug":"v-forum-estadual-de-vigilancia-para-febre-aftosa-destaca-acoes-realizadas-no-para-e-apresenta-acoes-do-plano-estrategico-2017-2026","status":"publish","type":"post","link":"https:\/\/sistemafaepa.com.br\/fundepec\/2022\/11\/04\/v-forum-estadual-de-vigilancia-para-febre-aftosa-destaca-acoes-realizadas-no-para-e-apresenta-acoes-do-plano-estrategico-2017-2026\/","title":{"rendered":"V F\u00f3rum Estadual de Vigil\u00e2ncia para Febre Aftosa destaca a\u00e7\u00f5es realizadas no Par\u00e1 e apresenta a\u00e7\u00f5es do plano estrat\u00e9gico 2017-2026"},"content":{"rendered":"<p><strong><em>Evento acontece nesta segunda-feira, 7\/11, das 8h \u00e0s 12;30, <\/em><\/strong><strong><em>no audit\u00f3rio do Pal\u00e1cio da Agricultura (sede do Sistema Faepa), em Bel\u00e9m<\/em><\/strong><\/p>\n<p>Com mais de 25 milh\u00f5es de cabe\u00e7as de gado (25.393,591 milh\u00f5es), o Par\u00e1 possui o terceiro maior rebanho do pa\u00eds e desde 2018 \u00e9 reconhecido pela Organiza\u00e7\u00e3o Mundial de Sa\u00fade Animal (OIE) como &#8220;Estado livre da febre aftosa com vacina\u00e7\u00e3o&#8221;. \u00c9 no Par\u00e1 tamb\u00e9m que fica localizado o munic\u00edpio detentor do maior rebanho bovino do mundo, S\u00e3o F\u00e9lix do Xingu, no sul do estado, com mais de 2 milh\u00f5es de cabe\u00e7as.<\/p>\n<p>Pelo que representa para a pecu\u00e1ria nacional, o Estado tem atuado em conjunto com o Minist\u00e9rio da Agricultura, Pecu\u00e1ria e Abastecimento (MAPA) para que a vacina\u00e7\u00e3o seja substitu\u00edda com o aprimoramento dos mecanismos de vigil\u00e2ncia e o fortalecimento do sistema de preven\u00e7\u00e3o e detec\u00e7\u00e3o precoce da aftosa.<\/p>\n<p>As a\u00e7\u00f5es do plano estrat\u00e9gico 2017-2026, prev\u00ea a retirada da vacina no estado do Par\u00e1 e os desafios para a vigil\u00e2ncia sanit\u00e1ria do servi\u00e7o veterin\u00e1rio oficial, est\u00e3o na pauta do \u201cV F\u00f3rum Estadual de Vigil\u00e2ncia para a Febre Aftosa\u201d, que ser\u00e1 realizado na pr\u00f3xima segunda-feira, 07, pela equipe gestora do Plano Estrat\u00e9gico Estadual de Erradica\u00e7\u00e3o da Febre Aftosa (EGE-PA), formada por diversas institui\u00e7\u00f5es do setor p\u00fablico e privado.<\/p>\n<p>O evento ocorrer\u00e1 no audit\u00f3rio da Federa\u00e7\u00e3o da Agricultura e Pecu\u00e1ria do Par\u00e1 (FAEPA), em Bel\u00e9m, no hor\u00e1rio de 8h \u00e0s 12h30 e ter\u00e1 a participa\u00e7\u00e3o do diretor do Departamento de Sa\u00fade Animal do Minist\u00e9rio da Agricultura, Geraldo Marcos.<\/p>\n<p>\u201cO F\u00f3rum ir\u00e1 mostrar os avan\u00e7os e servi\u00e7os de defesa sanit\u00e1ria da Adepar\u00e1 no combate \u00e0 Febre Aftosa almejando o alcance de uma zona livre de febre aftosa sem vacina\u00e7\u00e3o. Teremos autoridades como o Dr. Geraldo Marcos, que nos mostrar\u00e1 o panorama nacional do plano estrat\u00e9gico que vem evoluindo em blocos de estados , do qual o Par\u00e1 est\u00e1 inserido no Bloco 2 juntamente com Amap\u00e1, Amazonas e Roraima\u201d, detalhou Graziela Oliveira, m\u00e9dica veterin\u00e1ria e gerente de defesa animal da Adepar\u00e1.<\/p>\n<p>O F\u00f3rum \u00e9 promovido em parceria pela Ag\u00eancia de Defesa Agropecu\u00e1ria do Estado do Par\u00e1 (Adepar\u00e1), Minist\u00e9rio da Agricultura, Pecu\u00e1ria e Abastecimento (MAPA), Secretaria de Desenvolvimento Agropecu\u00e1rio e Pesca (Sedap), Empresa de Assist\u00eancia T\u00e9cnica e Extens\u00e3o Rural do Par\u00e1 (Emater), Federa\u00e7\u00e3o da Agricultura e Pecu\u00e1ria do Par\u00e1 (FAEPA), Conselho Regional de Medicina Veterin\u00e1ria do Par\u00e1 (CRMV\/PA) e Associa\u00e7\u00e3o de Criadores do Par\u00e1 (Acripar\u00e1) e voltado a produtores rurais, m\u00e9dicos veterin\u00e1rios, estudantes de medicina veterin\u00e1ria, profissionais aut\u00f4nomos ligados ao setor pecu\u00e1rio, revendas agropecu\u00e1rias, lideran\u00e7as e empres\u00e1rios ligados \u00e0 cadeia produtiva da pecu\u00e1ria.<\/p>\n<p>Na abertura do evento, haver\u00e1 o pronunciamento do presidente da FAEPA, Carlos Xavier, do Diretor Geral da Ag\u00eancia de Defesa Agropecu\u00e1ria do Estado do Par\u00e1 (Adepar\u00e1), Jamir Macedo, e do Superintendente Federal de Agricultura no Par\u00e1 SFA\/PA &#8211; MAPA, Jesus Sena.<\/p>\n<p>Tr\u00eas palestras, uma mesa redonda e a apresenta\u00e7\u00e3o do Plano Estadual de Comunica\u00e7\u00e3o do Programa de Vigil\u00e2ncia para Febre Aftosa integram a programa\u00e7\u00e3o, que ser\u00e1 transmitida ao vivo pelo Youtube.<\/p>\n<p><strong>Qualidade<\/strong>\u00a0&#8211; Em maio de 2018, o Par\u00e1 deu um passo importante na garantia da qualidade da carne paraense e na efic\u00e1cia da preserva\u00e7\u00e3o da sanidade dos animais, quando o Estado recebeu o reconhecimento internacional de \u00e1rea 100% livre da febre aftosa, durante a programa\u00e7\u00e3o da 86\u00aa Assembleia Geral da OIE, em Paris, na Fran\u00e7a. A entrega ocorreu em conjunto com outros Estados brasileiros que tamb\u00e9m alcan\u00e7aram a certifica\u00e7\u00e3o, como Amap\u00e1, Amazonas e Roraima.<\/p>\n<p><strong>PNEFA<\/strong>\u00a0&#8211; O Plano Estrat\u00e9gico do Programa Nacional de Febre Aftosa (PNEFA) objetiva criar e manter condi\u00e7\u00f5es sustent\u00e1veis para garantir o status de pa\u00eds livre de aftosa e ampliar as zonas de status \u2018livre da doen\u00e7a sem vacina\u00e7\u00e3o\u2019. Para realizar a transi\u00e7\u00e3o desses status sanit\u00e1rios, foram considerados crit\u00e9rios t\u00e9cnicos e estrat\u00e9gicos. A uni\u00e3o de esfor\u00e7os p\u00fablicos e privados, a infraestrutura dos servi\u00e7os veterin\u00e1rios e os fundamentos t\u00e9cnicos s\u00e3o a base para a conquista. O objetivo agora \u00e9 que o Brasil possa retirar a vacina\u00e7\u00e3o contra a febre aftosa de todos os estados brasileiros.<\/p>\n<p><strong>Programa\u00e7\u00e3o \u201cV F\u00f3rum Estadual de Vigil\u00e2ncia para Febre Aftosa&#8221;<\/strong><\/p>\n<p><strong>Abertura<\/strong><\/p>\n<p>8h &#8211; Pronunciamentos:\u00a0Carlos Xavier (Presidente da Federa\u00e7\u00e3o de Agricultura &#8211; FAEPA); Jamir Macedo (Diretor Geral da Ag\u00eancia de Defesa Agropecu\u00e1ria do Estado do Par\u00e1 &#8211; ADEPAR\u00c1); Jesus Sena (Superintendente Federal de Agricultura no Par\u00e1- SFA\/PA \/ MAPA)<\/p>\n<p><strong>Palestras<\/strong><\/p>\n<p>9h &#8211; \u201cPanorama atual das a\u00e7\u00f5es de implanta\u00e7\u00e3o do plano estrat\u00e9gico 2017-2026 no estado do Par\u00e1\u201d.\u00a0Por: Joylson Canto &#8211; Fiscal Estadual Agropecu\u00e1rio (M\u00e9dico Veterin\u00e1rio) e Gerente do Programa Estadual de Erradica\u00e7\u00e3o da Febre Aftosa (GPEEFA\/ADEPAR\u00c1)<\/p>\n<p>9h40 &#8211; Apresenta\u00e7\u00e3o do Plano Estadual de Comunica\u00e7\u00e3o do Programa de Vigil\u00e2ncia para Febre Aftosa. \u00a0Representante da Empresa BM 360<\/p>\n<p>10h10 &#8211; \u201cZona Livre de Febre Aftosa Sem Vacina\u00e7\u00e3o: Desafios e Perspectivas\u201d<br \/>\nDr. M\u00e1rcio Petr\u00f3 da Ag\u00eancia de Defesa Sanit\u00e1ria Agrosilvopastoril do Estado de Rond\u00f4nia &#8211; IDARON\/RO<\/p>\n<p>11h -\u201cSitua\u00e7\u00e3o da Febre Aftosa e os avan\u00e7os do Plano Estrat\u00e9gico PNEFA no Brasil\u201d. Dr. Geraldo Marcos MAPA\/DF<\/p>\n<p>11h50 &#8211; Mesa Redonda. Mediador: Gast\u00e3o Carvalho, Dr. Geraldo Marcos, Dr. M\u00e1rcio Petr\u00f3, Joylson Canto<\/p>\n<p><strong>Servi\u00e7o:<\/strong><\/p>\n<p><strong>\u201cV F\u00f3rum Estadual de Vigil\u00e2ncia para Febre Aftosa\u201d<\/strong><br \/>\nDia: 07 de novembro de 2022<br \/>\nHor\u00e1rio: 8h \u00e0s 12h30<br \/>\nLocal: Audit\u00f3rio da FAEPA<br \/>\nTrav Dr Moraes, N\u00ba 21 &#8211; Edif\u00edcio Pal\u00e1cio da Agricultura, 1\u00ba andar &#8211; Bel\u00e9m\/PA<br \/>\n<strong>Inscri\u00e7\u00f5es no\u00a0formul\u00e1rio online <a href=\"https:\/\/docs.google.com\/forms\/d\/e\/1FAIpQLSdBf09-fIiL-xAfLLW9jpwmB5ek3_mlyk5ZBEGKXeNIxR0MiA\/viewform\">https:\/\/docs.google.com\/forms\/d\/e\/1FAIpQLSdBf09-fIiL-xAfLLW9jpwmB5ek3_mlyk5ZBEGKXeNIxR0MiA\/viewform<\/a> <\/strong><\/p>\n<p><em>Texto: Rosa Cardoso -ADEPAR\u00c1<\/em><\/p>\n<p><img loading=\"lazy\" decoding=\"async\" class=\"alignnone size-medium wp-image-2521\" src=\"https:\/\/sistemafaepa.com.br\/fundepec\/wp-content\/uploads\/sites\/3\/2022\/11\/b8a2d612-71c9-4b62-b2f2-a30767634846-300x300.jpg\" alt=\"\" width=\"300\" height=\"300\" \/><\/p>\n<p><img loading=\"lazy\" decoding=\"async\" class=\"alignnone size-medium wp-image-2523\" src=\"https:\/\/sistemafaepa.com.br\/fundepec\/wp-content\/uploads\/sites\/3\/2022\/11\/519c8eef-a09c-42cf-9413-e091ac97dabc-300x300.jpg\" alt=\"\" width=\"300\" height=\"300\" \/><\/p>\n<p><img loading=\"lazy\" decoding=\"async\" class=\"alignnone size-medium wp-image-2525\" src=\"https:\/\/sistemafaepa.com.br\/fundepec\/wp-content\/uploads\/sites\/3\/2022\/11\/d25dada4-c12e-460b-a39a-c42ffc2bf6bf-300x300.jpg\" alt=\"\" width=\"300\" height=\"300\" \/><\/p>\n<p><img loading=\"lazy\" decoding=\"async\" class=\"alignnone size-medium wp-image-2527\" src=\"https:\/\/sistemafaepa.com.br\/fundepec\/wp-content\/uploads\/sites\/3\/2022\/11\/1e9d1dd5-fc74-422e-a91c-86c9a83f2186-300x300.jpg\" alt=\"\" width=\"300\" height=\"300\" \/><\/p>\n<p>&nbsp;<\/p>\n","protected":false},"excerpt":{"rendered":"<p>Evento acontece nesta segunda-feira, 7\/11, das 8h \u00e0s 12;30, no audit\u00f3rio do Pal\u00e1cio da Agricultura (sede do Sistema Faepa), em Bel\u00e9m Com mais de 25 milh\u00f5es de cabe\u00e7as de gado (25.393,591 milh\u00f5es), o Par\u00e1 possui o terceiro maior rebanho do pa\u00eds e desde 2018 \u00e9 reconhecido pela Organiza\u00e7\u00e3o Mundial de Sa\u00fade Animal (OIE) como &#8220;Estado [&hellip;]<\/p>\n","protected":false},"author":1,"featured_media":2529,"comment_status":"open","ping_status":"open","sticky":false,"template":"","format":"standard","meta":{"_et_pb_use_builder":"","_et_pb_old_content":"","_et_gb_content_width":"","footnotes":""},"categories":[1],"tags":[],"class_list":["post-2520","post","type-post","status-publish","format-standard","has-post-thumbnail","hentry","category-sem-categoria"],"_links":{"self":[{"href":"https:\/\/sistemafaepa.com.br\/fundepec\/wp-json\/wp\/v2\/posts\/2520","targetHints":{"allow":["GET"]}}],"collection":[{"href":"https:\/\/sistemafaepa.com.br\/fundepec\/wp-json\/wp\/v2\/posts"}],"about":[{"href":"https:\/\/sistemafaepa.com.br\/fundepec\/wp-json\/wp\/v2\/types\/post"}],"author":[{"embeddable":true,"href":"https:\/\/sistemafaepa.com.br\/fundepec\/wp-json\/wp\/v2\/users\/1"}],"replies":[{"embeddable":true,"href":"https:\/\/sistemafaepa.com.br\/fundepec\/wp-json\/wp\/v2\/comments?post=2520"}],"version-history":[{"count":0,"href":"https:\/\/sistemafaepa.com.br\/fundepec\/wp-json\/wp\/v2\/posts\/2520\/revisions"}],"wp:featuredmedia":[{"embeddable":true,"href":"https:\/\/sistemafaepa.com.br\/fundepec\/wp-json\/"}],"wp:attachment":[{"href":"https:\/\/sistemafaepa.com.br\/fundepec\/wp-json\/wp\/v2\/media?parent=2520"}],"wp:term":[{"taxonomy":"category","embeddable":true,"href":"https:\/\/sistemafaepa.com.br\/fundepec\/wp-json\/wp\/v2\/categories?post=2520"},{"taxonomy":"post_tag","embeddable":true,"href":"https:\/\/sistemafaepa.com.br\/fundepec\/wp-json\/wp\/v2\/tags?post=2520"}],"curies":[{"name":"wp","href":"https:\/\/api.w.org\/{rel}","templated":true}]}}