{"id":756,"date":"2017-11-30T18:44:01","date_gmt":"2017-11-30T20:44:01","guid":{"rendered":"http:\/\/sistemafaepa.com.br\/faepa\/2017\/11\/30\/faepa-promove-48o-encontro-ruralista\/"},"modified":"2017-11-30T18:44:01","modified_gmt":"2017-11-30T20:44:01","slug":"faepa-promove-48o-encontro-ruralista","status":"publish","type":"post","link":"https:\/\/sistemafaepa.com.br\/faepa\/faepa-promove-48o-encontro-ruralista\/","title":{"rendered":"Faepa promove 48\u00ba Encontro Ruralista"},"content":{"rendered":"<p class=\"conteudo-noticia\">A Federa\u00e7\u00e3o da Agricultura e Pecu\u00e1ria do Par\u00e1 (Faepa) promove hoje e amanh\u00e3 na sede da entidade, em Bel\u00e9m, o 48\u00ba Encontro Ruralista, que reunir\u00e1 delegados representantes de 132 sindicatos de produtores rurais, coordenadores de dez n\u00facleos regionais, al\u00e9m de assessores t\u00e9cnicos sindicais, com palestrantes e convidados.<\/p>\n<p>Com o tema \u201cParticipa\u00e7\u00e3o \u00e9 a Solu\u00e7\u00e3o\u201d, a manh\u00e3 de hoje \u00e9 para discutir assuntos administrativos da Faepa\/Servi\u00e7o Nacional de Aprendizagem Rural (Senar). O acesso \u00e9 restrito aos membros da diretoria, presidentes de sindicatos de produtores rurais, delegados e representantes por eles credenciados.<\/p>\n<p>OFICINA<\/p>\n<p>Uma das novidades do evento \u00e9 a realiza\u00e7\u00e3o de uma oficina de Desenvolvimento Sindical que ser\u00e1 coordenada pelo t\u00e9cnico do departamento Sindical da Confedera\u00e7\u00e3o da Agricultura e Pecu\u00e1ria do Brasil (CNA), Ademar Fernandes dos Anjos. O presidente da Faepa, Carlos Xavier, diz que chegou a hora de buscar grandes solu\u00e7\u00f5es para o agroneg\u00f3cio. \u201cNosso objetivo \u00e9 ter um evento vibrante e atual, com discuss\u00e3o dos temas de maior interesse da atividade que sustenta a economia brasileira\u201d, diz.<\/p>\n<p>Pain\u00e9is, oficinas e temas de relev\u00e2ncia para o segmento v\u00e3o estar na programa\u00e7\u00e3o do 48\u00ba Encontro Ruralista envolvendo quest\u00f5es ambientais, fundi\u00e1rias, trabalhistas e de gest\u00e3o.<\/p>\n<p>PROGRAMA\u00c7\u00d5ES E PALESTRAS<\/p>\n<p>As palestras tratar\u00e3o de assuntos como regulariza\u00e7\u00e3o de d\u00e9bitos rurais junto as institui\u00e7\u00f5es financeiras, Reforma Trabalhista e Funrural por Nelson Vieira Fraga Filho, superintendente de Rela\u00e7\u00f5es Institucionais da CNA;<\/p>\n<p>Inscri\u00e7\u00e3o no CAR e Ades\u00e3o ao Programa de Regulariza\u00e7\u00e3o Ambiental que ser\u00e1 tratado por Bernardo Ara\u00fajo Trov\u00e3o, diretor substituto de Cadastro e Fomento do Servi\u00e7o Florestal Brasileiro;<\/p>\n<p>Gustavo Spadotti Castro, t\u00e9cnico da Embrapa Monitoramento por Sat\u00e9lite falar\u00e1 sobre \u201cProdu\u00e7\u00e3o Agropecu\u00e1ria e a Preserva\u00e7\u00e3o Ambiental: an\u00e1lise preliminar do CAR Par\u00e1\u201d;<\/p>\n<p>Cl\u00e1udio Mendon\u00e7a, subsecret\u00e1rio Extraordin\u00e1rio de Regulariza\u00e7\u00e3o Fundi\u00e1ria da Amaz\u00f4nia Legal falar\u00e1 sobre \u201cTerra Legal: Parceria para agilizar a regulariza\u00e7\u00e3o fundi\u00e1ria\u201d, entre outros.<\/p>\n<p>O \u00faltimo dia do 48\u00ba Encontro Ruralista, amanh\u00e3, coincide com a realiza\u00e7\u00e3o da 3\u00aa edi\u00e7\u00e3o do Pr\u00eamio Agropar\u00e1, criado em 2015 para dar visibilidade e reconhecimento aos produtores rurais paraense que mais destacaram em 2017, no Estado.<\/p>\n<p>(Luiz Fl\u00e1vio\/Di\u00e1rio do Par\u00e1)<\/p>\n<div class=\"visible-desktop hidden-phone\">\u00a0(Foto destaque\/Sidney Oliveira\/Ag.Par\u00e1)<\/div>\n","protected":false},"excerpt":{"rendered":"<p>A Federa\u00e7\u00e3o da Agricultura e Pecu\u00e1ria do Par\u00e1 (Faepa) promove hoje e amanh\u00e3 na sede da entidade, em Bel\u00e9m, o 48\u00ba Encontro Ruralista, que reunir\u00e1 delegados representantes de 132 sindicatos de produtores rurais, coordenadores de dez n\u00facleos regionais, al\u00e9m de assessores t\u00e9cnicos sindicais, com palestrantes e convidados. Com o tema \u201cParticipa\u00e7\u00e3o \u00e9 a Solu\u00e7\u00e3o\u201d, a [&hellip;]<\/p>\n","protected":false},"author":1,"featured_media":757,"comment_status":"open","ping_status":"open","sticky":false,"template":"","format":"standard","meta":{"_et_pb_use_builder":"","_et_pb_old_content":"","_et_gb_content_width":"","footnotes":""},"categories":[1],"tags":[],"class_list":["post-756","post","type-post","status-publish","format-standard","has-post-thumbnail","hentry","category-sem-categoria"],"_links":{"self":[{"href":"https:\/\/sistemafaepa.com.br\/faepa\/wp-json\/wp\/v2\/posts\/756","targetHints":{"allow":["GET"]}}],"collection":[{"href":"https:\/\/sistemafaepa.com.br\/faepa\/wp-json\/wp\/v2\/posts"}],"about":[{"href":"https:\/\/sistemafaepa.com.br\/faepa\/wp-json\/wp\/v2\/types\/post"}],"author":[{"embeddable":true,"href":"https:\/\/sistemafaepa.com.br\/faepa\/wp-json\/wp\/v2\/users\/1"}],"replies":[{"embeddable":true,"href":"https:\/\/sistemafaepa.com.br\/faepa\/wp-json\/wp\/v2\/comments?post=756"}],"version-history":[{"count":0,"href":"https:\/\/sistemafaepa.com.br\/faepa\/wp-json\/wp\/v2\/posts\/756\/revisions"}],"wp:featuredmedia":[{"embeddable":true,"href":"https:\/\/sistemafaepa.com.br\/faepa\/wp-json\/"}],"wp:attachment":[{"href":"https:\/\/sistemafaepa.com.br\/faepa\/wp-json\/wp\/v2\/media?parent=756"}],"wp:term":[{"taxonomy":"category","embeddable":true,"href":"https:\/\/sistemafaepa.com.br\/faepa\/wp-json\/wp\/v2\/categories?post=756"},{"taxonomy":"post_tag","embeddable":true,"href":"https:\/\/sistemafaepa.com.br\/faepa\/wp-json\/wp\/v2\/tags?post=756"}],"curies":[{"name":"wp","href":"https:\/\/api.w.org\/{rel}","templated":true}]}}