{"id":754,"date":"2017-11-30T18:41:05","date_gmt":"2017-11-30T20:41:05","guid":{"rendered":"http:\/\/sistemafaepa.com.br\/faepa\/2017\/11\/30\/agronegocio-do-para-tem-bom-desempenho-na-empregabilidade-em-2017\/"},"modified":"2017-11-30T18:41:05","modified_gmt":"2017-11-30T20:41:05","slug":"agronegocio-do-para-tem-bom-desempenho-na-empregabilidade-em-2017","status":"publish","type":"post","link":"https:\/\/sistemafaepa.com.br\/faepa\/agronegocio-do-para-tem-bom-desempenho-na-empregabilidade-em-2017\/","title":{"rendered":"Agroneg\u00f3cio do Par\u00e1 tem bom desempenho na empregabilidade em 2017"},"content":{"rendered":"<p>FORAM GERADOS 1651 NOVOS EMPREGOS DENTRO DO ESTADO EM 2017<\/p>\n<p>O aumento \u00e9 de 3,16% no mercado de trabalho em rela\u00e7\u00e3o ao ano passado.<\/p>\n<p>Os n\u00fameros ainda s\u00e3o modestos, mas a tend\u00eancia de alta \u00e9 suficiente para come\u00e7ar a animar quem est\u00e1 em busca de uma vaga no mercado formal de trabalho, especialmente no setor do agroneg\u00f3cio. Somente entre janeiro e setembro deste ano, o Estado teve um saldo positivo de 1.651 postos de trabalho.<\/p>\n<p>Foram 20.648 contrata\u00e7\u00f5es contra 18.997 demiss\u00f5es, gerando o saldo positivo.<\/p>\n<p>Os dados s\u00e3o do Departamento Intersindical de Estat\u00edstica e Estudos S\u00f3cio-Econ\u00f4micos (Dieese Par\u00e1) com base no Cadastro Geral de Empregados e Desempregados (Caged), divulgado pelo Minist\u00e9rio do Trabalho. \u00c9, de longe, o melhor panorama da Regi\u00e3o Norte. O Amazonas, em segundo, teve 235 novas vagas e do Acre, 146 postos gerados.<\/p>\n<p>S\u00f3 no m\u00eas de setembro, o Par\u00e1 teve um acr\u00e9scimo no n\u00famero de vagas de 1,32%, o que representa 698 novos postos de trabalhos no Estado. No per\u00edodo foram 2.860 contrata\u00e7\u00f5es e 2.162 demiss\u00f5es. Para se ter uma ideia do que representam os n\u00fameros divulgados agora, em setembro de 2016 o saldo positivo foi de 148 empregos com 2.371 contrata\u00e7\u00f5es e 2.223 demiss\u00f5es.<\/p>\n<p><strong>POTENCIAL<\/strong><\/p>\n<p>Em toda a Regi\u00e3o Norte foram feitas 4.636 contrata\u00e7\u00e3o contra 3.829 desligamentos, gerando um saldo positivo de 807 postos de trabalhos e um crescimento de 0,83%. Ainda pequeno, mas com tend\u00eancia de alta. A an\u00e1lise de janeiro a setembro deste ano confirma essa tend\u00eancia com a cria\u00e7\u00e3o de 1.651 postos de trabalhos, 3,16% acima do registrado no mesmo per\u00edodo de 2016. Nos nove primeiros meses de 2017, foram feitas 20.648 contrata\u00e7\u00f5es e 18.997 desligamentos.<\/p>\n<p>\u201cO Estado tem um grande potencial no setor agroindustrial e pode crescer ainda mais se os governos criarem as condi\u00e7\u00f5es para novos investimentos\u201d, afirma o presidente da Federa\u00e7\u00e3o da Agricultura do Par\u00e1, (Faepa), Carlos Xavier. Ele aponto como destaques o plantio de cacau, palma, mandioca, a\u00e7a\u00ed, al\u00e9m do Estado ter o 4\u00ba maior rebanho bovino do Pa\u00eds. \u201cFalta criar condi\u00e7\u00f5es de infraestrutura e melhorar a legisla\u00e7\u00e3o porque j\u00e1 temos a natureza favor\u00e1vel o ano inteiro, temperaturas m\u00e9dias ideais e abund\u00e2ncia de \u00e1gua doce\u201d.<\/p>\n<p>Fonte: DOL adaptado para Portal do Agroneg\u00f3cio.<\/p>\n","protected":false},"excerpt":{"rendered":"<p>FORAM GERADOS 1651 NOVOS EMPREGOS DENTRO DO ESTADO EM 2017 O aumento \u00e9 de 3,16% no mercado de trabalho em rela\u00e7\u00e3o ao ano passado. Os n\u00fameros ainda s\u00e3o modestos, mas a tend\u00eancia de alta \u00e9 suficiente para come\u00e7ar a animar quem est\u00e1 em busca de uma vaga no mercado formal de trabalho, especialmente no setor [&hellip;]<\/p>\n","protected":false},"author":1,"featured_media":755,"comment_status":"open","ping_status":"open","sticky":false,"template":"","format":"standard","meta":{"_et_pb_use_builder":"","_et_pb_old_content":"","_et_gb_content_width":"","footnotes":""},"categories":[1],"tags":[],"class_list":["post-754","post","type-post","status-publish","format-standard","has-post-thumbnail","hentry","category-sem-categoria"],"_links":{"self":[{"href":"https:\/\/sistemafaepa.com.br\/faepa\/wp-json\/wp\/v2\/posts\/754","targetHints":{"allow":["GET"]}}],"collection":[{"href":"https:\/\/sistemafaepa.com.br\/faepa\/wp-json\/wp\/v2\/posts"}],"about":[{"href":"https:\/\/sistemafaepa.com.br\/faepa\/wp-json\/wp\/v2\/types\/post"}],"author":[{"embeddable":true,"href":"https:\/\/sistemafaepa.com.br\/faepa\/wp-json\/wp\/v2\/users\/1"}],"replies":[{"embeddable":true,"href":"https:\/\/sistemafaepa.com.br\/faepa\/wp-json\/wp\/v2\/comments?post=754"}],"version-history":[{"count":0,"href":"https:\/\/sistemafaepa.com.br\/faepa\/wp-json\/wp\/v2\/posts\/754\/revisions"}],"wp:featuredmedia":[{"embeddable":true,"href":"https:\/\/sistemafaepa.com.br\/faepa\/wp-json\/"}],"wp:attachment":[{"href":"https:\/\/sistemafaepa.com.br\/faepa\/wp-json\/wp\/v2\/media?parent=754"}],"wp:term":[{"taxonomy":"category","embeddable":true,"href":"https:\/\/sistemafaepa.com.br\/faepa\/wp-json\/wp\/v2\/categories?post=754"},{"taxonomy":"post_tag","embeddable":true,"href":"https:\/\/sistemafaepa.com.br\/faepa\/wp-json\/wp\/v2\/tags?post=754"}],"curies":[{"name":"wp","href":"https:\/\/api.w.org\/{rel}","templated":true}]}}