{"id":742,"date":"2017-11-27T18:59:13","date_gmt":"2017-11-27T20:59:13","guid":{"rendered":"http:\/\/sistemafaepa.com.br\/faepa\/2017\/11\/27\/cna-quer-a-revisao-dos-valores-previstos-para-a-agropecuaria-em-2018\/"},"modified":"2017-11-27T18:59:13","modified_gmt":"2017-11-27T20:59:13","slug":"cna-quer-a-revisao-dos-valores-previstos-para-a-agropecuaria-em-2018","status":"publish","type":"post","link":"https:\/\/sistemafaepa.com.br\/faepa\/cna-quer-a-revisao-dos-valores-previstos-para-a-agropecuaria-em-2018\/","title":{"rendered":"CNA quer a revis\u00e3o dos valores previstos para a agropecu\u00e1ria em 2018"},"content":{"rendered":"<div class=\"conteudo-texto\">\n<p>Na compara\u00e7\u00e3o com 2017, houve uma queda de 20,4% no or\u00e7amento, que passou de R$ 35,8 bilh\u00f5es para R$ 29,7 bilh\u00f5es<\/p>\n<p>A Confedera\u00e7\u00e3o da Agricultura e Pecu\u00e1ria do Brasil (CNA) vai solicitar a revis\u00e3o dos valores previstos para a agropecu\u00e1ria no Or\u00e7amento Geral da Uni\u00e3o (OGU) de 2018. Um of\u00edcio conjunto com outras entidades ser\u00e1 encaminhado \u00e0 Frente Parlamentar da Agropecu\u00e1ria (FPA), \u00e0s Comiss\u00f5es de Agricultura do Senado Federal e da C\u00e2mara dos Deputados e ao relator geral do or\u00e7amento solicitando ajustes em a\u00e7\u00f5es que afetam o setor.<\/p>\n<p>A proposta foi definida durante a reuni\u00e3o da Comiss\u00e3o Nacional de Pol\u00edtica Agr\u00edcola da CNA, realizada na segunda-feira (06\/11), em Bras\u00edlia. Na avalia\u00e7\u00e3o dos integrantes da Comiss\u00e3o, o corte nos programas de pol\u00edtica agr\u00edcola e de defesa agropecu\u00e1ria vai comprometer o desempenho da atividade.<\/p>\n<p>Queda no or\u00e7amento<\/p>\n<p>Na compara\u00e7\u00e3o com 2017, houve uma queda de 20,4% no or\u00e7amento, que passou de R$ 35,8 bilh\u00f5es para R$ 29,7 bilh\u00f5es. Os cortes mais significativos foram para a equaliza\u00e7\u00e3o da taxa de juros \u2013 30% \u2013 e para a gest\u00e3o de riscos na atividade agropecu\u00e1ria \u2013 19,7%.<\/p>\n<p>Segundo o presidente da Comiss\u00e3o Nacional de Pol\u00edtica Agr\u00edcola da CNA, Jos\u00e9 M\u00e1rio Schreiner, o momento \u00e9 \u201ccrucial\u201d, pois o or\u00e7amento para o pr\u00f3ximo ano est\u00e1 sendo definido pelo governo. A CNA pedir\u00e1 R$ 1,2 bilh\u00e3o para subven\u00e7\u00e3o ao pr\u00eamio do seguro rural, R$ 1,7 bilh\u00e3o para apoio \u00e0 comercializa\u00e7\u00e3o e R$ 3,5 milh\u00f5es para o Zoneamento Agr\u00edcola de Risco Clim\u00e1tico (ZARC).<\/p>\n<p>\u201cA sinaliza\u00e7\u00e3o do Minist\u00e9rio do Planejamento \u00e9 que venha um recurso extremamente estreito para o setor agropecu\u00e1rio. \u00c9 oportuno e apropriado apresentar esta demanda para que a FPA pe\u00e7a a aprova\u00e7\u00e3o desses valores no or\u00e7amento. Os recursos solicitados s\u00e3o essenciais para contemplar o Plano Agr\u00edcola 2018\/2019\u201d, afirmou Jos\u00e9 M\u00e1rio Schreiner.<\/p>\n<p><strong>Propostas das endades do setor <\/strong><\/p>\n<p>O documento tamb\u00e9m ser\u00e1 assinado pela Associa\u00e7\u00e3o Brasileira dos Produtores de Algod\u00e3o (Abrapa), pela Associa\u00e7\u00e3o dos Produtores de Soja (Aprosoja Brasil), pela Associa\u00e7\u00e3o Brasileira dos Produtores de Milho (Abramilho) e pela Organiza\u00e7\u00e3o das Cooperativas do Brasil (OCB).<\/p>\n<p>O diretor do Departamento de Cr\u00e9dito e Estudos Econ\u00f4micos da SPA\/Mapa, Wilson Vaz de Ara\u00fajo, entende que o pleito das entidades \u00e9 justo. Na opini\u00e3o dele, o setor j\u00e1 estava trabalhando no limite inferior e novos cortes representar\u00e3o dificuldades para todos.<\/p>\n<p>\u201cJ\u00e1 chegamos a ter R$ 700 milh\u00f5es para o seguro rural. Esse ano propusemos R$ 550 milh\u00f5es e, agora, est\u00e1 em R$ 410 milh\u00f5es. Para esse mecanismo se consolidar, precisamos ter recursos compat\u00edveis com as ap\u00f3lices que est\u00e3o sendo contratadas\u201d, afirmou.<\/p>\n<p>Outros temas de destaque da reuni\u00e3o foram o Projeto de Lei 7740\/2017, que estende o mecanismo de equaliza\u00e7\u00e3o de taxas de juros aos bancos privados e \u00e0s confedera\u00e7\u00f5es de cooperativas de cr\u00e9dito rural e a quest\u00e3o dos custos cartoriais.<\/p>\n<p>De acordo com comunicado da CNA, a possibilidade dos sindicatos rurais se tornarem correspondentes banc\u00e1rios foi discutida com representantes do Banco do Brasil. A ideia \u00e9 que essas estruturas ofere\u00e7am alguns servi\u00e7os para os produtores, como a contrata\u00e7\u00e3o de cr\u00e9dito rural. Hoje, essa facilidade s\u00f3 \u00e9 oferecida para quem \u00e9 benefici\u00e1rio do Pronaf.<\/p>\n<\/div>\n","protected":false},"excerpt":{"rendered":"<p>Na compara\u00e7\u00e3o com 2017, houve uma queda de 20,4% no or\u00e7amento, que passou de R$ 35,8 bilh\u00f5es para R$ 29,7 bilh\u00f5es A Confedera\u00e7\u00e3o da Agricultura e Pecu\u00e1ria do Brasil (CNA) vai solicitar a revis\u00e3o dos valores previstos para a agropecu\u00e1ria no Or\u00e7amento Geral da Uni\u00e3o (OGU) de 2018. Um of\u00edcio conjunto com outras entidades ser\u00e1 [&hellip;]<\/p>\n","protected":false},"author":1,"featured_media":743,"comment_status":"open","ping_status":"open","sticky":false,"template":"","format":"standard","meta":{"_et_pb_use_builder":"","_et_pb_old_content":"","_et_gb_content_width":"","footnotes":""},"categories":[1],"tags":[],"class_list":["post-742","post","type-post","status-publish","format-standard","has-post-thumbnail","hentry","category-sem-categoria"],"_links":{"self":[{"href":"https:\/\/sistemafaepa.com.br\/faepa\/wp-json\/wp\/v2\/posts\/742","targetHints":{"allow":["GET"]}}],"collection":[{"href":"https:\/\/sistemafaepa.com.br\/faepa\/wp-json\/wp\/v2\/posts"}],"about":[{"href":"https:\/\/sistemafaepa.com.br\/faepa\/wp-json\/wp\/v2\/types\/post"}],"author":[{"embeddable":true,"href":"https:\/\/sistemafaepa.com.br\/faepa\/wp-json\/wp\/v2\/users\/1"}],"replies":[{"embeddable":true,"href":"https:\/\/sistemafaepa.com.br\/faepa\/wp-json\/wp\/v2\/comments?post=742"}],"version-history":[{"count":0,"href":"https:\/\/sistemafaepa.com.br\/faepa\/wp-json\/wp\/v2\/posts\/742\/revisions"}],"wp:featuredmedia":[{"embeddable":true,"href":"https:\/\/sistemafaepa.com.br\/faepa\/wp-json\/"}],"wp:attachment":[{"href":"https:\/\/sistemafaepa.com.br\/faepa\/wp-json\/wp\/v2\/media?parent=742"}],"wp:term":[{"taxonomy":"category","embeddable":true,"href":"https:\/\/sistemafaepa.com.br\/faepa\/wp-json\/wp\/v2\/categories?post=742"},{"taxonomy":"post_tag","embeddable":true,"href":"https:\/\/sistemafaepa.com.br\/faepa\/wp-json\/wp\/v2\/tags?post=742"}],"curies":[{"name":"wp","href":"https:\/\/api.w.org\/{rel}","templated":true}]}}