{"id":740,"date":"2017-11-27T18:52:53","date_gmt":"2017-11-27T20:52:53","guid":{"rendered":"http:\/\/sistemafaepa.com.br\/faepa\/2017\/11\/27\/seminario-apresenta-resultados-e-perspectivas-do-pradam\/"},"modified":"2017-11-27T18:52:53","modified_gmt":"2017-11-27T20:52:53","slug":"seminario-apresenta-resultados-e-perspectivas-do-pradam","status":"publish","type":"post","link":"https:\/\/sistemafaepa.com.br\/faepa\/seminario-apresenta-resultados-e-perspectivas-do-pradam\/","title":{"rendered":"Semin\u00e1rio apresenta resultados e perspectivas do PRADAM"},"content":{"rendered":"<p><strong>Bras\u00edlia (10\/11\/2017)<\/strong>\u00a0\u2013 Os resultados e as perspectivas do Projeto de Recupera\u00e7\u00e3o de \u00c1reas Degradadas na Amaz\u00f4nia (PRADAM) foram apresentados durante um semin\u00e1rio realizado na sede do Sistema CNA\/SENAR, nesta sexta-feira (10), em Bras\u00edlia.<\/p>\n<p>Parceria do Servi\u00e7o Nacional de Aprendizagem Rural (SENAR) com a Organiza\u00e7\u00e3o das Na\u00e7\u00f5es Unidas para Alimenta\u00e7\u00e3o e Agricultura (FAO), a Embrapa e o Minist\u00e9rio da Agricultura, o projeto dissemina pr\u00e1ticas de Agricultura de Baixo Carbono (ABC) na regi\u00e3o amaz\u00f4nica. Ao todo, 1.651 produtores rurais e t\u00e9cnicos em assist\u00eancia t\u00e9cnica participaram das atividades desenvolvidas pelo PRADAM.<\/p>\n<p>Durante a abertura do evento, o Diretor-Geral do SENAR, Daniel Carrara, destacou a import\u00e2ncia da transfer\u00eancia de tecnologias sustent\u00e1veis com gera\u00e7\u00e3o de renda para os produtores desse bioma.<\/p>\n<p>\u201cS\u00f3 existe uma maneira de preservar, recuperar e produzir. \u00c9 atrav\u00e9s da transfer\u00eancia de tecnologias. Mas n\u00e3o adianta apenas transferir. Toda tecnologia tem que ter como resultado renda para o produtor. \u00c9 por isso que criamos a Assist\u00eancia T\u00e9cnica e Gerencial (ATeG) do SENAR e estamos disseminando essa metodologia dentro do PRADAM\u201d, afirmou Daniel Carrara.<\/p>\n<p><img decoding=\"async\" src=\"http:\/\/www.cnabrasil.org.br\/sites\/default\/files\/daniel.jpg\" alt=\"\" \/><\/p>\n<p>Daniel Carrara, do SENAR<\/p>\n<p>O projeto propaga cinco pr\u00e1ticas sustent\u00e1veis: Sistema Plantio Direto, Recupera\u00e7\u00e3o de Pastagens Degradadas, Florestas Plantadas, Sistemas Agroflorestais e Integra\u00e7\u00e3o Lavoura-Pecu\u00e1ria-Floresta (iLPF). Seis Estados participaram da iniciativa: Rond\u00f4nia, Acre, Amazonas, Mato Grosso, Par\u00e1 e Maranh\u00e3o.<\/p>\n<p>O Diretor de ATeG do SENAR, Matheus Ferreira, considera que o PRADAM levou conhecimentos importantes para a tomada de decis\u00e3o dentro da propriedade, especialmente com a perspectiva do aumento de renda. Atrav\u00e9s da assist\u00eancia t\u00e9cnica, explica ele, o produtor consegue avaliar os resultados que essas tecnologias trazem no seu sistema de produ\u00e7\u00e3o, principalmente numa regi\u00e3o com dificuldades para produzir.<\/p>\n<p>\u201cO produtor rural precisa levar em considera\u00e7\u00e3o as quest\u00f5es sociais e de preserva\u00e7\u00e3o, mas sem esquecer que \u00e9 uma atividade econ\u00f4mica como qualquer outra. A ATeG que o SENAR proporciona tem esse vi\u00e9s de avaliar as tecnologias e considerar, principalmente, os resultados econ\u00f4micos que isso traz para o produtor\u201d.<\/p>\n<p><img decoding=\"async\" src=\"http:\/\/www.cnabrasil.org.br\/sites\/default\/files\/matheus.jpg\" alt=\"\" \/><\/p>\n<p>Matheus Ferreira, Diretor de ATeG do SENAR<\/p>\n<p><strong>Parcerias<\/strong>\u00a0&#8211; Na opini\u00e3o do representante adjunto da FAO no Brasil, Gustavo Chianca, o PRADAM alcan\u00e7ou o seu objetivo principal que \u00e9 criar mecanismos t\u00e9cnicos para recupera\u00e7\u00e3o de \u00e1reas degradadas na Amaz\u00f4nia. Segundo ele, isso foi poss\u00edvel atrav\u00e9s da reuni\u00e3o de diversos estudos j\u00e1 desenvolvidos por institui\u00e7\u00f5es brasileiras e do trabalho do SENAR em difundir esses conhecimentos por meio de assist\u00eancia t\u00e9cnica.<\/p>\n<p>\u201cA capacidade que o SENAR teve de implementar esse trabalho e desenvolver em conjunto conosco as tecnologias, disseminar, treinar os agricultores e os extensionistas, foi fundamental. Mostrou, sim, que \u00e9 poss\u00edvel desenvolver tecnologias que trazem sustentabilidade e produtividade na Amaz\u00f4nia, ou seja, que se fa\u00e7a mais com menos\u201d.<\/p>\n<p><img decoding=\"async\" src=\"http:\/\/www.cnabrasil.org.br\/sites\/default\/files\/gustavo.jpg\" alt=\"\" \/><\/p>\n<p>Gustavo Chianca, da FAO<\/p>\n<p>Para o coordenador nacional do PRADAM no Minist\u00e9rio da Agricultura, Elvison Ramos, o projeto, al\u00e9m de levar informa\u00e7\u00f5es sobre sistemas e pr\u00e1ticas sustent\u00e1veis de produ\u00e7\u00e3o para a regi\u00e3o, contribuiu de forma efetiva com o Plano de A\u00e7\u00e3o para Preven\u00e7\u00e3o e Controle do Desmatamento na Amaz\u00f4nia Legal (PPCDAm). Ramos tamb\u00e9m ressaltou a import\u00e2ncia do SENAR na capacita\u00e7\u00e3o de produtores e t\u00e9cnicos nas tecnologias difundidas.<\/p>\n<p>\u201cA assist\u00eancia t\u00e9cnica \u00e9 o grande desafio para que n\u00f3s possamos levar as tecnologias que s\u00e3o desenvolvidas pela academia e pela Embrapa at\u00e9 o produtor no campo. Existe todo um processo de comunica\u00e7\u00e3o que precisa ser feito e que \u00e9 muito particular nessa regi\u00e3o que n\u00f3s queremos trabalhar. O SENAR tem essa expertise e soube fazer isso de forma muito competente\u201d, afirmou.<\/p>\n<p><img decoding=\"async\" src=\"http:\/\/www.cnabrasil.org.br\/sites\/default\/files\/elvison.jpg\" alt=\"\" \/><\/p>\n<p>Elvison Ramos, do Mapa<\/p>\n<p>A programa\u00e7\u00e3o do semin\u00e1rio teve diversas palestras ao longo do dia. Foram abordados temas como o modelo do SENAR de adequa\u00e7\u00e3o tecnol\u00f3gica e gest\u00e3o das propriedades rurais, recupera\u00e7\u00e3o de \u00e1reas degradadas no contexto da produ\u00e7\u00e3o sustent\u00e1vel de alimentos e an\u00e1lise econ\u00f4mico-financeira das modalidades de recupera\u00e7\u00e3o de \u00e1reas de produ\u00e7\u00e3o e de pastagens degradadas recomendadas pelo PRADAM.<\/p>\n<p>O chefe-geral da Embrapa Amaz\u00f4nia Oriental, Adriano Venturieri, e o presidente da Federa\u00e7\u00e3o da Agricultura e Pecu\u00e1ria do Estado do Maranh\u00e3o (FAEMA), Raimundo Coelho de Sousa, tamb\u00e9m estiveram presentes no evento, al\u00e9m de superintendentes regionais do SENAR.<\/p>\n","protected":false},"excerpt":{"rendered":"<p>Bras\u00edlia (10\/11\/2017)\u00a0\u2013 Os resultados e as perspectivas do Projeto de Recupera\u00e7\u00e3o de \u00c1reas Degradadas na Amaz\u00f4nia (PRADAM) foram apresentados durante um semin\u00e1rio realizado na sede do Sistema CNA\/SENAR, nesta sexta-feira (10), em Bras\u00edlia. Parceria do Servi\u00e7o Nacional de Aprendizagem Rural (SENAR) com a Organiza\u00e7\u00e3o das Na\u00e7\u00f5es Unidas para Alimenta\u00e7\u00e3o e Agricultura (FAO), a Embrapa e [&hellip;]<\/p>\n","protected":false},"author":1,"featured_media":741,"comment_status":"open","ping_status":"open","sticky":false,"template":"","format":"standard","meta":{"_et_pb_use_builder":"","_et_pb_old_content":"","_et_gb_content_width":"","footnotes":""},"categories":[1],"tags":[],"class_list":["post-740","post","type-post","status-publish","format-standard","has-post-thumbnail","hentry","category-sem-categoria"],"_links":{"self":[{"href":"https:\/\/sistemafaepa.com.br\/faepa\/wp-json\/wp\/v2\/posts\/740","targetHints":{"allow":["GET"]}}],"collection":[{"href":"https:\/\/sistemafaepa.com.br\/faepa\/wp-json\/wp\/v2\/posts"}],"about":[{"href":"https:\/\/sistemafaepa.com.br\/faepa\/wp-json\/wp\/v2\/types\/post"}],"author":[{"embeddable":true,"href":"https:\/\/sistemafaepa.com.br\/faepa\/wp-json\/wp\/v2\/users\/1"}],"replies":[{"embeddable":true,"href":"https:\/\/sistemafaepa.com.br\/faepa\/wp-json\/wp\/v2\/comments?post=740"}],"version-history":[{"count":0,"href":"https:\/\/sistemafaepa.com.br\/faepa\/wp-json\/wp\/v2\/posts\/740\/revisions"}],"wp:featuredmedia":[{"embeddable":true,"href":"https:\/\/sistemafaepa.com.br\/faepa\/wp-json\/"}],"wp:attachment":[{"href":"https:\/\/sistemafaepa.com.br\/faepa\/wp-json\/wp\/v2\/media?parent=740"}],"wp:term":[{"taxonomy":"category","embeddable":true,"href":"https:\/\/sistemafaepa.com.br\/faepa\/wp-json\/wp\/v2\/categories?post=740"},{"taxonomy":"post_tag","embeddable":true,"href":"https:\/\/sistemafaepa.com.br\/faepa\/wp-json\/wp\/v2\/tags?post=740"}],"curies":[{"name":"wp","href":"https:\/\/api.w.org\/{rel}","templated":true}]}}