{"id":715,"date":"2017-10-11T15:11:12","date_gmt":"2017-10-11T18:11:12","guid":{"rendered":"http:\/\/sistemafaepa.com.br\/faepa\/?p=715"},"modified":"2017-10-11T15:11:12","modified_gmt":"2017-10-11T18:11:12","slug":"interacao-com-animais-e-plantacoes-virtuais-marca-as-comemoracoes-pelos-25-anos-do-senar","status":"publish","type":"post","link":"https:\/\/sistemafaepa.com.br\/faepa\/interacao-com-animais-e-plantacoes-virtuais-marca-as-comemoracoes-pelos-25-anos-do-senar\/","title":{"rendered":"Intera\u00e7\u00e3o com animais e planta\u00e7\u00f5es virtuais marca as comemora\u00e7\u00f5es pelos 25 anos do SENAR"},"content":{"rendered":"<p><em>A\u00e7\u00e3o in\u00e9dita acontecer\u00e1 em Bel\u00e9m, de 16 a 22 de outubro, das 10h \u00e0s 22h, no 1\u00ba piso do Boulevard Shopping.<\/em><\/p>\n<p>Uma tecnologia nova marca as comemora\u00e7\u00f5es de 25 anos do Servi\u00e7o Nacional de Aprendizagem Rural (SENAR). Conhecida como realidade aumentada, a novidade permite que o mundo real e o virtual se misturem atrav\u00e9s da proje\u00e7\u00e3o de figuras em um cen\u00e1rio filmado, o que visto de forma simult\u00e2nea, numa tela separada, passa a sensa\u00e7\u00e3o de acontecer no momento presente.<\/p>\n<p>A a\u00e7\u00e3o ser\u00e1 realizada com imagens de animais e planta\u00e7\u00f5es, o que possibilitar\u00e1 ao p\u00fablico a impress\u00e3o de estar no ambiente de uma fazenda. A campanha acontece no Boulevard Shopping, em Bel\u00e9m, de 16 a 22 de outubro, das 10h \u00e0s 22h, no 1\u00ba piso.<\/p>\n<p>Paralelamente \u00e0 atra\u00e7\u00e3o, as pessoas poder\u00e3o conhecer o trabalho que o SENAR desenvolve h\u00e1 25 anos no Brasil nas \u00e1reas de Forma\u00e7\u00e3o Profissional Rural, Promo\u00e7\u00e3o Social, Assist\u00eancia T\u00e9cnica e Gerencial (ATeG) e Sustentabilidade.<\/p>\n<p><strong>Uma janela para o futuro do Brasil<\/strong><\/p>\n<p>Com o slogan \u201cUma janela para o futuro do Brasil\u201d, o SENAR preparou uma campanha publicit\u00e1ria especial para marcar a data. Nas pe\u00e7as veiculadas ao longo deste ano e em todas as m\u00eddias sociais \u00e9 refor\u00e7ada a miss\u00e3o que a entidade desempenha na agropecu\u00e1ria brasileira: disseminar conhecimento, tecnologia e inova\u00e7\u00e3o no campo.<\/p>\n<p>A campanha destaca que com as experi\u00eancias do passado, o SENAR chega aos seus 25 anos de hist\u00f3ria com o olhar voltado para o futuro e preparado para vencer novos desafios, contribuindo para o aumento da produtividade, da renda e da qualidade de vida no campo.<\/p>\n<p>Al\u00e9m dos eventos de realidade aumentada nos shoppings, est\u00e3o previstas a\u00e7\u00f5es promocionais em algumas das principais feiras agropecu\u00e1rias do Brasil, uma revista especial e um livro de depoimentos.<\/p>\n<p><strong>3,4 milh\u00f5es de atendimentos por ano<\/strong><\/p>\n<p>O SENAR oferece Educa\u00e7\u00e3o Profissional, Assist\u00eancia T\u00e9cnica e atividades de Promo\u00e7\u00e3o Social que profissionalizam e contribuem para o avan\u00e7o econ\u00f4mico e social das pessoas do campo, de forma inteiramente gratuita. Seguindo princ\u00edpios de sustentabilidade, produtividade e cidadania, o SENAR tamb\u00e9m contribui para o desenvolvimento da produ\u00e7\u00e3o e o crescimento socioecon\u00f4mico do Pa\u00eds.<\/p>\n<p>Somente no ano passado, 3,4 milh\u00f5es de brasileiros foram atendidos pela entidade. Em todos os estados brasileiros, jovens e adultos t\u00eam a oportunidade de fazer treinamentos compat\u00edveis com as suas necessidades, carga hor\u00e1ria flex\u00edvel, no ambiente real de trabalho e ministrados por profissionais com forma\u00e7\u00e3o t\u00e9cnica e educativa adequadas ao p\u00fablico rural.<\/p>\n<p><strong>SERVI\u00c7O<\/strong><\/p>\n<p><strong>O que<\/strong>: Campanha \u201cUma Janela para o futuro do Brasil\u201d<\/p>\n<p><strong>Quando<\/strong>: De 16 a 22 de outubro de 2017<\/p>\n<p><strong>Onde<\/strong>: Boulevard Shopping, em Bel\u00e9m<\/p>\n<p><strong>Hor\u00e1rio<\/strong>:\u00a0De segunda a s\u00e1bado, das 10h \u00e0s 22h. Domingos e feriados das 14h \u00e0s 22h<\/p>\n<p>&nbsp;<\/p>\n<p><em>Assessoria de Comunica\u00e7\u00e3o do SENAR<\/em><\/p>\n<p><u><a href=\"http:\/\/www.senar.org.br\/\" target=\"_blank\" rel=\"noopener\"><em>www.senar.org.br<\/em><\/a><\/u><\/p>\n<p><u><a href=\"http:\/\/www.twitter.com\/SENARBrasil\" target=\"_blank\" rel=\"noopener\"><em>www.twitter.com\/SENARBrasil<\/em><\/a><\/u><\/p>\n<p><u><a href=\"http:\/\/www.facebook.com\/SENARBrasil\" target=\"_blank\" rel=\"noopener\"><em>www.facebook.com\/SENARBrasil<\/em><\/a><\/u><\/p>\n<p><u><a href=\"http:\/\/www.canaldoprodutor.tv.br\/\" target=\"_blank\" rel=\"noopener\"><em>www.canaldoprodutor.tv.br<\/em><\/a><\/u><\/p>\n<p>&nbsp;<\/p>\n<p><em>Assessoria do SENAR PAR\u00c1<\/em><\/p>\n<p><em>91 \u2013 4008-5333\/ 98119-7910<\/em><\/p>\n","protected":false},"excerpt":{"rendered":"<p>A\u00e7\u00e3o in\u00e9dita acontecer\u00e1 em Bel\u00e9m, de 16 a 22 de outubro, das 10h \u00e0s 22h, no 1\u00ba piso do Boulevard Shopping. Uma tecnologia nova marca as comemora\u00e7\u00f5es de 25 anos do Servi\u00e7o Nacional de Aprendizagem Rural (SENAR). Conhecida como realidade aumentada, a novidade permite que o mundo real e o virtual se misturem atrav\u00e9s da [&hellip;]<\/p>\n","protected":false},"author":1,"featured_media":716,"comment_status":"open","ping_status":"open","sticky":false,"template":"","format":"standard","meta":{"_et_pb_use_builder":"","_et_pb_old_content":"","_et_gb_content_width":"","footnotes":""},"categories":[1],"tags":[],"class_list":["post-715","post","type-post","status-publish","format-standard","has-post-thumbnail","hentry","category-sem-categoria"],"_links":{"self":[{"href":"https:\/\/sistemafaepa.com.br\/faepa\/wp-json\/wp\/v2\/posts\/715","targetHints":{"allow":["GET"]}}],"collection":[{"href":"https:\/\/sistemafaepa.com.br\/faepa\/wp-json\/wp\/v2\/posts"}],"about":[{"href":"https:\/\/sistemafaepa.com.br\/faepa\/wp-json\/wp\/v2\/types\/post"}],"author":[{"embeddable":true,"href":"https:\/\/sistemafaepa.com.br\/faepa\/wp-json\/wp\/v2\/users\/1"}],"replies":[{"embeddable":true,"href":"https:\/\/sistemafaepa.com.br\/faepa\/wp-json\/wp\/v2\/comments?post=715"}],"version-history":[{"count":0,"href":"https:\/\/sistemafaepa.com.br\/faepa\/wp-json\/wp\/v2\/posts\/715\/revisions"}],"wp:featuredmedia":[{"embeddable":true,"href":"https:\/\/sistemafaepa.com.br\/faepa\/wp-json\/"}],"wp:attachment":[{"href":"https:\/\/sistemafaepa.com.br\/faepa\/wp-json\/wp\/v2\/media?parent=715"}],"wp:term":[{"taxonomy":"category","embeddable":true,"href":"https:\/\/sistemafaepa.com.br\/faepa\/wp-json\/wp\/v2\/categories?post=715"},{"taxonomy":"post_tag","embeddable":true,"href":"https:\/\/sistemafaepa.com.br\/faepa\/wp-json\/wp\/v2\/tags?post=715"}],"curies":[{"name":"wp","href":"https:\/\/api.w.org\/{rel}","templated":true}]}}