{"id":659,"date":"2017-10-01T14:28:10","date_gmt":"2017-10-01T17:28:10","guid":{"rendered":"http:\/\/sistemafaepa.com.br\/faepa\/?p=659"},"modified":"2017-10-01T14:28:10","modified_gmt":"2017-10-01T17:28:10","slug":"i-seminario-nacional-de-tributacao-no-agronegocio","status":"publish","type":"post","link":"https:\/\/sistemafaepa.com.br\/faepa\/i-seminario-nacional-de-tributacao-no-agronegocio\/","title":{"rendered":"I Semin\u00e1rio Nacional de Tributa\u00e7\u00e3o no Agroneg\u00f3cio"},"content":{"rendered":"<p><strong>Inscri\u00e7\u00f5es abertas:\u00a0<a href=\"https:\/\/goo.gl\/nGWcPX\" target=\"_blank\" rel=\"noopener\">https:\/\/goo.gl\/nGWcPX<\/a><\/strong><\/p>\n<p>&nbsp;<\/p>\n<p>Programa\u00e7\u00e3o Completa<\/p>\n<p><strong>8h30 \u00a0&#8211; ABERTURA<\/strong><\/p>\n<p><em>Dr. Juliano Costa Couto<\/em>\u00a0\u2013 Presidente da OAB\/DF<\/p>\n<p><em>Dr. Jo\u00e3o\u00a0Martins da Silva Junior<\/em>\u00a0&#8211; Presidente da Confedera\u00e7\u00e3o da Agricultura e Pecu\u00e1ria do Brasil &#8211; CNA<\/p>\n<p><em>Dr. Carlos Bastite Horbach<\/em>\u00a0\u2013 Diretor Jur\u00eddico da Confedera\u00e7\u00e3o da Agricultura e Pecu\u00e1ria do Brasil &#8211; CNA e Ministro do Tribunal Superior Eleitoral &#8211; TSE<\/p>\n<p><em>Dr. Erich Endrillo Santos Simas<\/em>\u00a0\u2013 Presidente da Comiss\u00e3o de Assuntos e Reforma Tribut\u00e1ria da OAB\/DF<\/p>\n<p><em>Dr. Manoel Arruda J\u00fanior<\/em>&#8211; Procurador Tribut\u00e1rio da OAB\/DF<\/p>\n<p><strong>Painel I: A Tributa\u00e7\u00e3o no Agroneg\u00f3cio &#8211; Aspectos Gerais e Relev\u00e2ncia<\/strong><\/p>\n<p>Presidente De Mesa<\/p>\n<p><em>Erich Endrillo Santos Simas<\/em><\/p>\n<p>Palestrante<\/p>\n<p><em>Prof. Dr. Heleno Taveira Torres<\/em>\u00a0&#8211; Professor Titular de Direito Financeiro da Faculdade de Direito da USP e Advogado, Vice-Presidente da International Fiscal Association (IFA)<\/p>\n<p>Debatedor:<\/p>\n<p><em>Luiz Carlos Martins<\/em>\u00a0&#8211; Procurador Fazenda Nacional, Professor do Uniceub<\/p>\n<p><strong>Painel II \u2013 IRPJ E CSLL<\/strong><\/p>\n<p>Presidente da Mesa<\/p>\n<p><em>Dr.\u00aa Ana Fl\u00e1via Christofoletti De Toledo<\/em>\u00a0\u2013 Gerente Jur\u00eddico Tribut\u00e1rio &#8211; COSAN<\/p>\n<p>Debatedor:<\/p>\n<p><em>Dr. Rodolfo Gil Rebou\u00e7as<\/em>\u00a0\u2013 Advogado e Membro da Comiss\u00e3o de Assuntos Tribut\u00e1rios da OAB\/DF<\/p>\n<p>Tema: Deprecia\u00e7\u00e3o Acelerada x Incentivada: IRPJ e CSLL<\/p>\n<p>Palestrante:<\/p>\n<p><em>Dr. Jimir Doniak J\u00fanior\u00a0<\/em>&#8211; \u00a0Departamento Jur\u00eddico da Uni\u00e3o da Ind\u00fastria de Cana-de-A\u00e7\u00facar &#8211; \u200eUNICA, Mestre e Doutorando em Direito PUC\/SP, Ex-Membro do\u00a0Conselho Administrativo de Recursos Fiscais &#8211; CARF<\/p>\n<p>Tema: Ganho de Capital na Aliena\u00e7\u00e3o de Im\u00f3vel Rural<\/p>\n<p>Palestrante<\/p>\n<p><em>Dr. Robson Maia Lins<\/em>\u00a0&#8211; Advogado, Doutor e Mestre em Direito PUC\/SP, Professor PUC\/SP e Instituto Brasileiro de Estudos Tribut\u00e1rios &#8211; IBET<\/p>\n<p>Tema: IRPF &#8211; Produtor Rural: Quest\u00f5es Relevantes<\/p>\n<p>Palestrante<\/p>\n<p><em>Dr. Pedro Dos Santos Anceles<\/em>\u00a0&#8211; Mestre pela Universidade Federal de Santa Maria &#8211; UFSM<\/p>\n<p><strong>Painel III \u2013 ICMS &#8211; Opera\u00e7\u00f5es Financeiras no Agroneg\u00f3cio<\/strong><\/p>\n<p>Presidente Da Mesa<\/p>\n<p><em>Dr. Cristiano Barreto Zaranza<\/em>\u00a0&#8211; Coordenador \u00a0da Comiss\u00e3o Nacional de Rela\u00e7\u00f5es do Trabalho da Confedera\u00e7\u00e3o da Agricultura e Pecu\u00e1ria do Brasil &#8211; CNA<\/p>\n<p>Debatedor<\/p>\n<p><em>Dr. Ewan Telles<\/em>\u00a0\u2013 Advogado Tributarista, Conselheiro da OAB\/DF e Ex-Membro do\u00a0Conselho Administrativo de Recursos Fiscais &#8211; CARF<\/p>\n<p>Tema: Guerra Fiscal e Lei Complementar n\u00ba 160\/2017: Implica\u00e7\u00f5es para o Agroneg\u00f3cio<\/p>\n<p>Palestrante<\/p>\n<p><em>Dr. Jacques Maur\u00edcio Veloso de Melo<\/em>\u00a0&#8211; Advogado, Membro da Comiss\u00e3o Tribut\u00e1ria do Conselho Federal da OAB, Mestrando em Direito Universidade Cat\u00f3lica de Bras\u00edlia<\/p>\n<p>Tema: ICMS e Discuss\u00f5es no Setor do Agroneg\u00f3cio<\/p>\n<p>Palestrante<\/p>\n<p><em>Dr. Osvaldo Santos De Carvalho<\/em>\u00a0\u2013 Mestre e Doutor em Direito PUC\/SP, Sefaz\/SP, Professor Instituto Brasileiro de Estudos Tribut\u00e1rios &#8211; IBET<\/p>\n<p>Tema: Opera\u00e7\u00f5es Financeiras e Tributa\u00e7\u00e3o no Agroneg\u00f3cio<\/p>\n<p>Palestrante<\/p>\n<p><em>Dr. Ricardo Magaldi Messetti<\/em>\u00a0\u2013 Vice-Presidente da Comiss\u00e3o de Assuntos e Reforma Tribut\u00e1ria da OAB\/DF, Ex Membro do Conselho Administrativo de Recursos Fiscais &#8211; CARF e\u00a0Mestrando em Direito Tribut\u00e1rio pela FGV\/SP<\/p>\n<p><strong>12h \u00a0&#8211; ALMO\u00c7O<\/strong><\/p>\n<p><strong>14h \u2013 RETORNO<\/strong><\/p>\n<p><strong>Painel IV \u2013 PIS\/COFINS e Cooperativas<\/strong><\/p>\n<p>Presidente de Mesa<\/p>\n<p><em>Dr. Alvaro Arthur Almeida Filho<\/em>\u00a0&#8211; Advogado, Ex-Membro do Conselho Administrativo de Recursos Fiscais &#8211; CARF<\/p>\n<p>Debatedor<\/p>\n<p><em>Dr.\u00aa Miriam de F\u00e1tima Lavocat de Queiroz<\/em>\u00a0\u2013 Advogada Tributarista e Ex-Conselheira do Conselho Administrativo de Recursos Fiscais &#8211; CARF e Integrante da Comiss\u00e3o de Assuntos Tribut\u00e1rios do CFOAB e da OAB\/DF<\/p>\n<p>Tema: PIS e COFINS: N\u00e3o Cumulatividade e Cr\u00e9ditos no Setor Agr\u00edcola no Conselho Administrativo de Recursos Fiscais &#8211; CARF<\/p>\n<p>Palestrante<\/p>\n<p><em>Dr. Rodrigo da Costa Possas<\/em>\u00a0&#8211; Presidente da 3\u00aa Turma da C\u00e2mara Superior do Conselho Administrativo de Recursos Fiscais &#8211; CARF\/Minist\u00e9rio da Fazenda<\/p>\n<p>Tema: PIS e COFINS: Peculiaridades do Setor<\/p>\n<p>Palestrante<\/p>\n<p><em>Dr. Fabio Pallaretti Calcini\u00a0&#8211;\u00a0<\/em>\u00a0Advogado, Doutor em Direito PUC\/SP, P\u00f3s-Doutorando em Direito pela Universidade de Coimbra\/POR, Ex-Membro Conselho Administrativo de Recursos Fiscais &#8211; CARF, Professor Direito FGV\/SP, Instituto Brasileiro de Estudos Tribut\u00e1rios &#8211; IBET<\/p>\n<p>Tema: Tributa\u00e7\u00e3o das Cooperativas Agr\u00edcolas<\/p>\n<p>Palestrante<\/p>\n<p><em>Dr. Amilcar Barca Teixeira Junior\u00a0<\/em>&#8211; Advogado, Consultor em Cooperativismo do Sicoob Planalto Central e do Sicoob Confedera\u00e7\u00e3o,\u00a0P\u00f3s-Graduado em Gest\u00e3o de Cooperativas pela Universidade de Bras\u00edlia \u2013 Unb, Ex-Membro do Conselho Administrativo de Recursos Fiscais &#8211; CARF<\/p>\n<p><strong>Painel V \u2013 \u00a0Contribui\u00e7\u00f5es Previdenci\u00e1rias: ITR Cooperativas<\/strong><\/p>\n<p>Presidente de Mesa<\/p>\n<p><em>Dr.\u00aa Patricia da Silva<\/em>\u00a0\u2013\u00a0Associa\u00e7\u00e3o Brasileira das Ind\u00fastrias de \u00d3leos Vegetais\u00a0&#8211; ABIOVE,\u00a0Conselheira do Conselho Administrativo de Recursos Fiscais &#8211; CARF<\/p>\n<p>Debatedor<\/p>\n<p><em>Dr. Manoel Arruda J\u00fanior<\/em>\u00a0\u2013 Procurador Tribut\u00e1rio da OAB\/DF e\u00a0Ex-Membro do Conselho Administrativo de Recursos Fiscais &#8211; CARF<\/p>\n<p>Tema: Funrural e o Julgamento do STF &#8211; Efeitos<\/p>\n<p>Palestrante<\/p>\n<p><em>Dr. Mauricio Perreira Faro<\/em>\u00a0&#8211; Advogado, Mestre em Direito pela UGF, Professor convidado do FGV Law Program, Presidente da Comiss\u00e3o Especial de Assuntos Tribut\u00e1rios da OAB\/RJ e Ex-Conselheiro Titular\u00a0do Conselho Administrativo de Recursos Fiscais &#8211; CARF<\/p>\n<p>Tema: ITR &#8211; Aspectos Pol\u00eamicos<\/p>\n<p>Palestrante<\/p>\n<p><em>Dr. Marcelo Guarit\u00e1 Borges Bento<\/em>\u00a0&#8211; Advogado, Mestre em Direito do Estado pela PUC\/SP, Ex-Conselheiro CMT\/SP, Professor P\u00f3s-Gradua\u00e7\u00e3o do\u00a0Pecege ESALQ &#8211; USP<\/p>\n<p>Tema: Contribui\u00e7\u00e3o Previdenci\u00e1ria de Terceiros: Aspectos Controvertidos<\/p>\n<p>Palestrante<\/p>\n<p><em>Dr. Rafael Nichele<\/em>\u00a0&#8211; Advogado, Mestre em Direito Tribut\u00e1rio pela PUC\/RS, Professor PUC\/RS, Ex-Juiz Titular do\u00a0Tribunal Administrativo de Recursos Fiscais\/RS,\u00a0Presidente do Instituto de Estudos Tribut\u00e1rios &#8211; IET<\/p>\n<p>Palestra de Encerramento<\/p>\n<p>Presidente de Mesa<\/p>\n<p><em>Dr. Carlos Bastite Horbach<\/em>\u00a0\u2013 Diretor Jur\u00eddico da Confedera\u00e7\u00e3o da Agricultura e Pecu\u00e1ria do Brasil &#8211; CNA e Ministro do Tribunal Superior Eleitoral &#8211; TSE<\/p>\n<p>Palestrante<\/p>\n<p><em>Dr. Marco Aur\u00e9lio Greco<\/em>\u00a0&#8211; Doutor em Direito PUC\/SP<\/p>\n<p><strong>Certifica\u00e7\u00e3o<\/strong><\/p>\n<p>7h\/a em contrapartida a doa\u00e7\u00e3o de 1kg de alimento n\u00e3o perec\u00edvel<\/p>\n<h6><strong>Informa\u00e7\u00f5es<\/strong><\/h6>\n<p><a href=\"mailto:eventos@oabdf.com\">eventos@oabdf.com<\/a><\/p>\n<h6><strong>Organiza\u00e7\u00e3o<\/strong><\/h6>\n<p><img decoding=\"async\" src=\"http:\/\/www.oabdf.org.br\/wp-content\/uploads\/2017\/09\/ICongressoAgricola_Ass-300x146.jpg\" alt=\"\" \/><\/p>\n","protected":false},"excerpt":{"rendered":"<p>Inscri\u00e7\u00f5es abertas:\u00a0https:\/\/goo.gl\/nGWcPX &nbsp; Programa\u00e7\u00e3o Completa 8h30 \u00a0&#8211; ABERTURA Dr. Juliano Costa Couto\u00a0\u2013 Presidente da OAB\/DF Dr. Jo\u00e3o\u00a0Martins da Silva Junior\u00a0&#8211; Presidente da Confedera\u00e7\u00e3o da Agricultura e Pecu\u00e1ria do Brasil &#8211; CNA Dr. Carlos Bastite Horbach\u00a0\u2013 Diretor Jur\u00eddico da Confedera\u00e7\u00e3o da Agricultura e Pecu\u00e1ria do Brasil &#8211; CNA e Ministro do Tribunal Superior Eleitoral &#8211; TSE [&hellip;]<\/p>\n","protected":false},"author":1,"featured_media":660,"comment_status":"open","ping_status":"open","sticky":false,"template":"","format":"standard","meta":{"_et_pb_use_builder":"","_et_pb_old_content":"","_et_gb_content_width":"","footnotes":""},"categories":[1],"tags":[],"class_list":["post-659","post","type-post","status-publish","format-standard","has-post-thumbnail","hentry","category-sem-categoria"],"_links":{"self":[{"href":"https:\/\/sistemafaepa.com.br\/faepa\/wp-json\/wp\/v2\/posts\/659","targetHints":{"allow":["GET"]}}],"collection":[{"href":"https:\/\/sistemafaepa.com.br\/faepa\/wp-json\/wp\/v2\/posts"}],"about":[{"href":"https:\/\/sistemafaepa.com.br\/faepa\/wp-json\/wp\/v2\/types\/post"}],"author":[{"embeddable":true,"href":"https:\/\/sistemafaepa.com.br\/faepa\/wp-json\/wp\/v2\/users\/1"}],"replies":[{"embeddable":true,"href":"https:\/\/sistemafaepa.com.br\/faepa\/wp-json\/wp\/v2\/comments?post=659"}],"version-history":[{"count":0,"href":"https:\/\/sistemafaepa.com.br\/faepa\/wp-json\/wp\/v2\/posts\/659\/revisions"}],"wp:featuredmedia":[{"embeddable":true,"href":"https:\/\/sistemafaepa.com.br\/faepa\/wp-json\/"}],"wp:attachment":[{"href":"https:\/\/sistemafaepa.com.br\/faepa\/wp-json\/wp\/v2\/media?parent=659"}],"wp:term":[{"taxonomy":"category","embeddable":true,"href":"https:\/\/sistemafaepa.com.br\/faepa\/wp-json\/wp\/v2\/categories?post=659"},{"taxonomy":"post_tag","embeddable":true,"href":"https:\/\/sistemafaepa.com.br\/faepa\/wp-json\/wp\/v2\/tags?post=659"}],"curies":[{"name":"wp","href":"https:\/\/api.w.org\/{rel}","templated":true}]}}