{"id":3044,"date":"2023-01-10T19:03:37","date_gmt":"2023-01-10T22:03:37","guid":{"rendered":"https:\/\/sistemafaepa.com.br\/faepa\/sistema-faepa-adepara-e-mapa-promovem-reuniao-para-atualizar-tecnicos-sobre-momento-sanitario-e-o-alinhamento-de-procedimentos\/"},"modified":"2023-01-10T19:03:37","modified_gmt":"2023-01-10T22:03:37","slug":"sistema-faepa-adepara-e-mapa-promovem-reuniao-para-atualizar-tecnicos-sobre-momento-sanitario-e-o-alinhamento-de-procedimentos","status":"publish","type":"post","link":"https:\/\/sistemafaepa.com.br\/faepa\/sistema-faepa-adepara-e-mapa-promovem-reuniao-para-atualizar-tecnicos-sobre-momento-sanitario-e-o-alinhamento-de-procedimentos\/","title":{"rendered":"Sistema Faepa, Adepar\u00e1 e Mapa promovem reuni\u00e3o para atualizar t\u00e9cnicos sobre momento sanit\u00e1rio e o alinhamento de procedimentos"},"content":{"rendered":"<p>Campanha de orienta\u00e7\u00e3o do setor produtivo sobre cen\u00e1rio sanit\u00e1rio atual, busca de apoio t\u00e9cnico e cient\u00edfico, parcerias institucionais, melhorias nas a\u00e7\u00f5es, alinhamento organizacional, padroniza\u00e7\u00e3o de processos operacionais estiveram na pauta da reuni\u00e3o do Sistema Faepa\/Senar\/ Fundepec\/Sinsidicatos, Ag\u00eancia de Defesa Agropecu\u00e1ria do Par\u00e1 (Adepar\u00e1), e Superintend\u00eancia Federal de Agricultura (SFA\/PA) do Minist\u00e9rio da Agricultura, Pecu\u00e1ria e Abastecimento (MAPA), nesta ter\u00e7a-feira (10), na sede do Sistema Faepa\/Senar\/Fundepec\/Sindicatos, em Bel\u00e9m.<\/p>\n<p>A reuni\u00e3o contou com a participa\u00e7\u00e3o do presidente da Faepa, Carlos Xavier, do diretor geral da Adepar\u00e1, Jamir Macedo, do Superintendente Federal de Agricultura (SFA\/PA) do Minist\u00e9rio da Agricultura, Pecu\u00e1ria e Abastecimento (MAPA), Jesus Nazareno, da diretora M\u00e1rcia Centeno, da diretora do Fundepec, Rosirayana Remor, da produtora rural e conselheira consultiva Cristina Malcher, al\u00e9m de t\u00e9cnicos de diversas institui\u00e7\u00f5es ligadas ao setor produtivo rural.<\/p>\n","protected":false},"excerpt":{"rendered":"<p>Campanha de orienta\u00e7\u00e3o do setor produtivo sobre cen\u00e1rio sanit\u00e1rio atual, busca de apoio t\u00e9cnico e cient\u00edfico, parcerias institucionais, melhorias nas a\u00e7\u00f5es, alinhamento organizacional, padroniza\u00e7\u00e3o de processos operacionais estiveram na pauta da reuni\u00e3o do Sistema Faepa\/Senar\/ Fundepec\/Sinsidicatos, Ag\u00eancia de Defesa Agropecu\u00e1ria do Par\u00e1 (Adepar\u00e1), e Superintend\u00eancia Federal de Agricultura (SFA\/PA) do Minist\u00e9rio da Agricultura, Pecu\u00e1ria e [&hellip;]<\/p>\n","protected":false},"author":1,"featured_media":3045,"comment_status":"open","ping_status":"open","sticky":false,"template":"","format":"standard","meta":{"_et_pb_use_builder":"","_et_pb_old_content":"","_et_gb_content_width":"","footnotes":""},"categories":[1],"tags":[],"class_list":["post-3044","post","type-post","status-publish","format-standard","has-post-thumbnail","hentry","category-sem-categoria"],"_links":{"self":[{"href":"https:\/\/sistemafaepa.com.br\/faepa\/wp-json\/wp\/v2\/posts\/3044","targetHints":{"allow":["GET"]}}],"collection":[{"href":"https:\/\/sistemafaepa.com.br\/faepa\/wp-json\/wp\/v2\/posts"}],"about":[{"href":"https:\/\/sistemafaepa.com.br\/faepa\/wp-json\/wp\/v2\/types\/post"}],"author":[{"embeddable":true,"href":"https:\/\/sistemafaepa.com.br\/faepa\/wp-json\/wp\/v2\/users\/1"}],"replies":[{"embeddable":true,"href":"https:\/\/sistemafaepa.com.br\/faepa\/wp-json\/wp\/v2\/comments?post=3044"}],"version-history":[{"count":0,"href":"https:\/\/sistemafaepa.com.br\/faepa\/wp-json\/wp\/v2\/posts\/3044\/revisions"}],"wp:featuredmedia":[{"embeddable":true,"href":"https:\/\/sistemafaepa.com.br\/faepa\/wp-json\/"}],"wp:attachment":[{"href":"https:\/\/sistemafaepa.com.br\/faepa\/wp-json\/wp\/v2\/media?parent=3044"}],"wp:term":[{"taxonomy":"category","embeddable":true,"href":"https:\/\/sistemafaepa.com.br\/faepa\/wp-json\/wp\/v2\/categories?post=3044"},{"taxonomy":"post_tag","embeddable":true,"href":"https:\/\/sistemafaepa.com.br\/faepa\/wp-json\/wp\/v2\/tags?post=3044"}],"curies":[{"name":"wp","href":"https:\/\/api.w.org\/{rel}","templated":true}]}}