{"id":2606,"date":"2021-01-09T08:08:06","date_gmt":"2021-01-09T11:08:06","guid":{"rendered":"http:\/\/sistemafaepa.com.br\/faepa\/nota-de-pesar-antonio-miranda-sobrinho\/"},"modified":"2021-01-09T08:08:06","modified_gmt":"2021-01-09T11:08:06","slug":"nota-de-pesar-antonio-miranda-sobrinho","status":"publish","type":"post","link":"https:\/\/sistemafaepa.com.br\/faepa\/nota-de-pesar-antonio-miranda-sobrinho\/","title":{"rendered":"Nota de Pesar: Ant\u00f4nio Miranda Sobrinho"},"content":{"rendered":"<p>A Diretoria da Federa\u00e7\u00e3o da Agricultura e Pecu\u00e1ria do Par\u00e1 (Faepa), entidade que<br \/>\ncongrega 132 Sindicatos de Produtores Rurais presentes em 138 Munic\u00edpios do Estado do Par\u00e1, ao tomar conhecimento da infausta not\u00edcia do falecimento do produtor rural, Ant\u00f4nio Miranda Sobrinho, diretor desta institui\u00e7\u00e3o, coordenador do N\u00facleo Regional Caraj\u00e1s e\u00a0not\u00e1vel lideran\u00e7a do agroneg\u00f3cio paraense, manifesta, publicamente, seu pesar pela perda deste admir\u00e1vel companheiro de lutas e de ideais.<\/p>\n<p>Mirandinha, como era carinhosamente conhecido e chamado por todos, era Engenheiro Civil, tendo sido presidente do Sindicato de Produtores Rurais de Marab\u00e1\u00a0por dois mandatos, de 2009\/2011 e 2012\/2014, onde tornou-se um dos membros fundadores\u00a0do novo Parque de Exposi\u00e7a\u0303o Agropecua\u0301ria de<br \/>\nMaraba\u0301;\u00a0foi superintendente do Instituto Nacional de Coloniza\u00e7\u00e3o e Reforma Agr\u00e1ria (Incra) por alguns meses em 2019, j\u00e1 no governo Jair Bolsonaro. Ele teve outras passagens pelo setor p\u00fablico, como secret\u00e1rio de Obras do Munic\u00edpio de Marab\u00e1 em duas oportunidades, nos governos de Bosco Jad\u00e3o e de Onias Dias.<\/p>\n<p>Mirandinha tamb\u00e9m foi vener\u00e1vel de Loja Ma\u00e7\u00f4nica Pioneira da Transamaz\u00f4nica n\u00ba 44, que fica no Novo Horizonte. Sua passagem pelo cargo foi marcada por obras de reestrutura\u00e7\u00e3o da sede da entidade.<\/p>\n<p>Apresentamos\u00a0nossas mais sinceras condol\u00eancias e apoio a sua vi\u00fava Marinalva Miranda, aos filhos Lucas Justino Miranda e Marcos Justino Miranda, e aos seus tr\u00eas netos, bem como, externamos o\u00a0nosso mais profundo sentimento de perda, solidariedade e de reconhecimento pela grandeza de Mirandinha.<\/p>\n<p>O agroneg\u00f3cio paraense est\u00e1 de luto.<\/p>\n<p>Bel\u00e9m (PA), 9 de janeiro de 2021.<\/p>\n<p>Carlos Fernandes Xavier<br \/>\nPresidente do Sistema Faepa\/Senar<\/p>\n","protected":false},"excerpt":{"rendered":"<p>A Diretoria da Federa\u00e7\u00e3o da Agricultura e Pecu\u00e1ria do Par\u00e1 (Faepa), entidade que congrega 132 Sindicatos de Produtores Rurais presentes em 138 Munic\u00edpios do Estado do Par\u00e1, ao tomar conhecimento da infausta not\u00edcia do falecimento do produtor rural, Ant\u00f4nio Miranda Sobrinho, diretor desta institui\u00e7\u00e3o, coordenador do N\u00facleo Regional Caraj\u00e1s e\u00a0not\u00e1vel lideran\u00e7a do agroneg\u00f3cio paraense, manifesta, [&hellip;]<\/p>\n","protected":false},"author":1,"featured_media":2607,"comment_status":"open","ping_status":"open","sticky":false,"template":"","format":"standard","meta":{"_et_pb_use_builder":"","_et_pb_old_content":"","_et_gb_content_width":"","footnotes":""},"categories":[1],"tags":[],"class_list":["post-2606","post","type-post","status-publish","format-standard","has-post-thumbnail","hentry","category-sem-categoria"],"_links":{"self":[{"href":"https:\/\/sistemafaepa.com.br\/faepa\/wp-json\/wp\/v2\/posts\/2606","targetHints":{"allow":["GET"]}}],"collection":[{"href":"https:\/\/sistemafaepa.com.br\/faepa\/wp-json\/wp\/v2\/posts"}],"about":[{"href":"https:\/\/sistemafaepa.com.br\/faepa\/wp-json\/wp\/v2\/types\/post"}],"author":[{"embeddable":true,"href":"https:\/\/sistemafaepa.com.br\/faepa\/wp-json\/wp\/v2\/users\/1"}],"replies":[{"embeddable":true,"href":"https:\/\/sistemafaepa.com.br\/faepa\/wp-json\/wp\/v2\/comments?post=2606"}],"version-history":[{"count":0,"href":"https:\/\/sistemafaepa.com.br\/faepa\/wp-json\/wp\/v2\/posts\/2606\/revisions"}],"wp:featuredmedia":[{"embeddable":true,"href":"https:\/\/sistemafaepa.com.br\/faepa\/wp-json\/"}],"wp:attachment":[{"href":"https:\/\/sistemafaepa.com.br\/faepa\/wp-json\/wp\/v2\/media?parent=2606"}],"wp:term":[{"taxonomy":"category","embeddable":true,"href":"https:\/\/sistemafaepa.com.br\/faepa\/wp-json\/wp\/v2\/categories?post=2606"},{"taxonomy":"post_tag","embeddable":true,"href":"https:\/\/sistemafaepa.com.br\/faepa\/wp-json\/wp\/v2\/tags?post=2606"}],"curies":[{"name":"wp","href":"https:\/\/api.w.org\/{rel}","templated":true}]}}