{"id":2598,"date":"2021-01-06T10:39:42","date_gmt":"2021-01-06T13:39:42","guid":{"rendered":"http:\/\/sistemafaepa.com.br\/faepa\/presidente-da-faepa-participa-em-santa-barbara-das-acoes-do-programa-o-para-em-primeiro-lugar\/"},"modified":"2021-01-06T10:39:42","modified_gmt":"2021-01-06T13:39:42","slug":"presidente-da-faepa-participa-em-santa-barbara-das-acoes-do-programa-o-para-em-primeiro-lugar","status":"publish","type":"post","link":"https:\/\/sistemafaepa.com.br\/faepa\/presidente-da-faepa-participa-em-santa-barbara-das-acoes-do-programa-o-para-em-primeiro-lugar\/","title":{"rendered":"Presidente da Faepa participa em Santa B\u00e1rbara das a\u00e7\u00f5es do programa &#8220;O Par\u00e1 em primeiro lugar&#8221;"},"content":{"rendered":"<p>O presidente da Faepa, Carlos Xavier, participou nesta quarta-feira, 6 de janeiro, em Santa B\u00e1rbara (PA), das a\u00e7\u00f5es do projeto \u201cO Par\u00e1 em primeiro lugar\u201d. Na oportunidade, o presidente apresentou o Plano de Desenvolvimento Rural e Industrial do munic\u00edpio de Santa B\u00e1rbara.<\/p>\n<p><img loading=\"lazy\" decoding=\"async\" class=\"alignnone size-medium wp-image-2599\" src=\"https:\/\/sistemafaepa.com.br\/faepa\/wp-content\/uploads\/sites\/5\/2021\/01\/3c7d87bc-1925-4b3e-bf24-e6cfb3d9ec41-300x135.jpg\" alt=\"\" width=\"300\" height=\"135\" \/><\/p>\n<p>Estiveram tamb\u00e9m no evento, o reitor da Ufra, Marcel Botelho, o secret\u00e1rio adjunto da Sedap, Lucas Vieira Torres, o superintendente Regional do Incra, Neil Duarte de Souza, dentre outros convidados. Na ocasi\u00e3o, Eliana Gomes, da Ufra, apresentou a proposta de desenvolvimento industrial e rural para o munic\u00edpio de Santa B\u00e1rbara.<\/p>\n<p><img loading=\"lazy\" decoding=\"async\" class=\"alignnone size-medium wp-image-2601\" src=\"https:\/\/sistemafaepa.com.br\/faepa\/wp-content\/uploads\/sites\/5\/2021\/01\/4958d220-7477-46cd-85b5-19e0dd1f0694-300x135.jpg\" alt=\"\" width=\"300\" height=\"135\" \/><\/p>\n<p>Os assessores t\u00e9cnicos do Sistema Faepa\/Senar, Celso Botelho, M\u00e1rio Gato, Dilson Fraz\u00e3o e Ivaldo Soares, tamb\u00e9m estiverem presentes no evento.<\/p>\n","protected":false},"excerpt":{"rendered":"<p>O presidente da Faepa, Carlos Xavier, participou nesta quarta-feira, 6 de janeiro, em Santa B\u00e1rbara (PA), das a\u00e7\u00f5es do projeto \u201cO Par\u00e1 em primeiro lugar\u201d. Na oportunidade, o presidente apresentou o Plano de Desenvolvimento Rural e Industrial do munic\u00edpio de Santa B\u00e1rbara. Estiveram tamb\u00e9m no evento, o reitor da Ufra, Marcel Botelho, o secret\u00e1rio adjunto [&hellip;]<\/p>\n","protected":false},"author":1,"featured_media":2603,"comment_status":"open","ping_status":"open","sticky":false,"template":"","format":"standard","meta":{"_et_pb_use_builder":"","_et_pb_old_content":"","_et_gb_content_width":"","footnotes":""},"categories":[1],"tags":[],"class_list":["post-2598","post","type-post","status-publish","format-standard","has-post-thumbnail","hentry","category-sem-categoria"],"_links":{"self":[{"href":"https:\/\/sistemafaepa.com.br\/faepa\/wp-json\/wp\/v2\/posts\/2598","targetHints":{"allow":["GET"]}}],"collection":[{"href":"https:\/\/sistemafaepa.com.br\/faepa\/wp-json\/wp\/v2\/posts"}],"about":[{"href":"https:\/\/sistemafaepa.com.br\/faepa\/wp-json\/wp\/v2\/types\/post"}],"author":[{"embeddable":true,"href":"https:\/\/sistemafaepa.com.br\/faepa\/wp-json\/wp\/v2\/users\/1"}],"replies":[{"embeddable":true,"href":"https:\/\/sistemafaepa.com.br\/faepa\/wp-json\/wp\/v2\/comments?post=2598"}],"version-history":[{"count":0,"href":"https:\/\/sistemafaepa.com.br\/faepa\/wp-json\/wp\/v2\/posts\/2598\/revisions"}],"wp:featuredmedia":[{"embeddable":true,"href":"https:\/\/sistemafaepa.com.br\/faepa\/wp-json\/"}],"wp:attachment":[{"href":"https:\/\/sistemafaepa.com.br\/faepa\/wp-json\/wp\/v2\/media?parent=2598"}],"wp:term":[{"taxonomy":"category","embeddable":true,"href":"https:\/\/sistemafaepa.com.br\/faepa\/wp-json\/wp\/v2\/categories?post=2598"},{"taxonomy":"post_tag","embeddable":true,"href":"https:\/\/sistemafaepa.com.br\/faepa\/wp-json\/wp\/v2\/tags?post=2598"}],"curies":[{"name":"wp","href":"https:\/\/api.w.org\/{rel}","templated":true}]}}