{"id":2593,"date":"2020-12-27T11:47:01","date_gmt":"2020-12-27T14:47:01","guid":{"rendered":"http:\/\/sistemafaepa.com.br\/faepa\/nota-de-pesar-miller-moreira\/"},"modified":"2020-12-27T11:47:01","modified_gmt":"2020-12-27T14:47:01","slug":"nota-de-pesar-miller-moreira","status":"publish","type":"post","link":"https:\/\/sistemafaepa.com.br\/faepa\/nota-de-pesar-miller-moreira\/","title":{"rendered":"Nota de Pesar: Miller Moreira"},"content":{"rendered":"<p><i>Amigo \u00e9 coisa para se guardar<\/i><br \/>\n<i>Debaixo de 7 chaves<\/i><br \/>\n<i>Dentro do cora\u00e7\u00e3o<\/i><br \/>\n<i>Assim falava a can\u00e7\u00e3o<\/i><br \/>\n<i>Que na Am\u00e9rica ouvi<\/i><br \/>\n<i>Mas quem cantava chorou<\/i><br \/>\n<i>Ao ver seu amigo partir\u201d. \u00a0 \u00a0\u00a0<\/i><\/p>\n<p><i> (Milton Nascimento e Fernando Brant)<\/i><\/p>\n<p dir=\"ltr\">\u00c9 com muito pesar que o Sistema Faepa\/Senar\/ Sindicatos e o Fundepec informam sobre o falecimento do grande amigo e companheiro de jornada Miller Moreira, na madrugada deste domingo, 27 de dezembro. A sua morte nos pegou de surpresa e o levou de n\u00f3s repentinamente. Neste momento de dor e consterna\u00e7\u00e3o, s\u00f3 nos cabe pedir a Deus que lhe ilumine e lhe d\u00ea paz, e que Deus d\u00ea conforto \u00e0 sua fam\u00edlia para que possam enfrentar esta imensur\u00e1vel dor com serenidade.<\/p>\n<p dir=\"ltr\">Em janeiro, Miller completaria 25 anos no Sistema Faepa\/Senar\/ Fundepec. Agradecemos imensamente o tempo que pudemos conviver com ele, que ser\u00e1 sempre lembrado pelo esp\u00edrito gentil e apaziguador, profissionalismo, honestidade, lealdade, compet\u00eancia e sensibilidade para ajudar sem esperar nada em troca.\u00a0 Homem\u00a0de f\u00e9 cat\u00f3lica inabal\u00e1vel.\u00a0\u00a0Ficam vivas as lembran\u00e7as e exemplos de como ser uma pessoa \u00fanica.<\/p>\n<p dir=\"ltr\">Apesar da imensa dor e tristeza que sentimos, devemos sempre lembrar que Deus quer ao seu lado os melhores, e com certeza o nosso amigo j\u00e1 est\u00e1 ao lado do Senhor cumprindo uma nova miss\u00e3o.<\/p>\n<p dir=\"ltr\">Deixamos os nossos mais sinceros p\u00easames aos familiares e amigos.<\/p>\n","protected":false},"excerpt":{"rendered":"<p>Amigo \u00e9 coisa para se guardar Debaixo de 7 chaves Dentro do cora\u00e7\u00e3o Assim falava a can\u00e7\u00e3o Que na Am\u00e9rica ouvi Mas quem cantava chorou Ao ver seu amigo partir\u201d. \u00a0 \u00a0\u00a0 (Milton Nascimento e Fernando Brant) \u00c9 com muito pesar que o Sistema Faepa\/Senar\/ Sindicatos e o Fundepec informam sobre o falecimento do grande [&hellip;]<\/p>\n","protected":false},"author":1,"featured_media":0,"comment_status":"open","ping_status":"open","sticky":false,"template":"","format":"standard","meta":{"_et_pb_use_builder":"","_et_pb_old_content":"","_et_gb_content_width":"","footnotes":""},"categories":[1],"tags":[],"class_list":["post-2593","post","type-post","status-publish","format-standard","hentry","category-sem-categoria"],"_links":{"self":[{"href":"https:\/\/sistemafaepa.com.br\/faepa\/wp-json\/wp\/v2\/posts\/2593","targetHints":{"allow":["GET"]}}],"collection":[{"href":"https:\/\/sistemafaepa.com.br\/faepa\/wp-json\/wp\/v2\/posts"}],"about":[{"href":"https:\/\/sistemafaepa.com.br\/faepa\/wp-json\/wp\/v2\/types\/post"}],"author":[{"embeddable":true,"href":"https:\/\/sistemafaepa.com.br\/faepa\/wp-json\/wp\/v2\/users\/1"}],"replies":[{"embeddable":true,"href":"https:\/\/sistemafaepa.com.br\/faepa\/wp-json\/wp\/v2\/comments?post=2593"}],"version-history":[{"count":0,"href":"https:\/\/sistemafaepa.com.br\/faepa\/wp-json\/wp\/v2\/posts\/2593\/revisions"}],"wp:attachment":[{"href":"https:\/\/sistemafaepa.com.br\/faepa\/wp-json\/wp\/v2\/media?parent=2593"}],"wp:term":[{"taxonomy":"category","embeddable":true,"href":"https:\/\/sistemafaepa.com.br\/faepa\/wp-json\/wp\/v2\/categories?post=2593"},{"taxonomy":"post_tag","embeddable":true,"href":"https:\/\/sistemafaepa.com.br\/faepa\/wp-json\/wp\/v2\/tags?post=2593"}],"curies":[{"name":"wp","href":"https:\/\/api.w.org\/{rel}","templated":true}]}}