{"id":2274,"date":"2020-05-01T11:18:07","date_gmt":"2020-05-01T14:18:07","guid":{"rendered":"http:\/\/sistemafaepa.com.br\/faepa\/nota-de-falecimento-do-ex-governador-do-para-aurelio-do-carmo\/"},"modified":"2020-05-01T11:18:07","modified_gmt":"2020-05-01T14:18:07","slug":"nota-de-falecimento-do-ex-governador-do-para-aurelio-do-carmo","status":"publish","type":"post","link":"https:\/\/sistemafaepa.com.br\/faepa\/nota-de-falecimento-do-ex-governador-do-para-aurelio-do-carmo\/","title":{"rendered":"Nota de Falecimento do ex-governador do Par\u00e1, Aur\u00e9lio do Carmo"},"content":{"rendered":"<p>\u00c9 com profunda tristeza que o Sistema Faepa\/Senar une-se \u00e0s expressivas manifesta\u00e7\u00f5es de pesar pelo falecimento do ex-governador do Par\u00e1, Aur\u00e9lio do Carmo, ocorrido nesta sexta-feira, 1 de maio.<\/p>\n<p>Aur\u00e9lio do Carmo foi uma das maiores lideran\u00e7as pol\u00edticas estaduais. Ele ocupou o cargo de chefe do Executivo Estadual entre os anos de 1961 e 1964, e foi o \u00faltimo governador no Brasil a ser deposto pelo golpe militar de 1964.\u00a0 Aur\u00e9lio do Carmo tamb\u00e9m foi advogado e desembargador do Tribunal de Justi\u00e7a do Estado, nos anos de 1972 at\u00e9 1985.<\/p>\n<p>Sua trajet\u00f3ria merece aplauso e o respeito de todos. Foi um homem admir\u00e1vel por sua coragem, destemor, pela convic\u00e7\u00e3o com a qual defendia o interesse p\u00fablico, sempre com lucidez e grande generosidade.<\/p>\n<p>Manifestamos profundo sentimento de solidariedade aos familiares e amigos, que Deus d\u00ea o merecido repouso eterno em \u00a0seu reino.<\/p>\n","protected":false},"excerpt":{"rendered":"<p>\u00c9 com profunda tristeza que o Sistema Faepa\/Senar une-se \u00e0s expressivas manifesta\u00e7\u00f5es de pesar pelo falecimento do ex-governador do Par\u00e1, Aur\u00e9lio do Carmo, ocorrido nesta sexta-feira, 1 de maio. Aur\u00e9lio do Carmo foi uma das maiores lideran\u00e7as pol\u00edticas estaduais. Ele ocupou o cargo de chefe do Executivo Estadual entre os anos de 1961 e 1964, [&hellip;]<\/p>\n","protected":false},"author":1,"featured_media":0,"comment_status":"open","ping_status":"open","sticky":false,"template":"","format":"standard","meta":{"_et_pb_use_builder":"","_et_pb_old_content":"","_et_gb_content_width":"","footnotes":""},"categories":[1],"tags":[],"class_list":["post-2274","post","type-post","status-publish","format-standard","hentry","category-sem-categoria"],"_links":{"self":[{"href":"https:\/\/sistemafaepa.com.br\/faepa\/wp-json\/wp\/v2\/posts\/2274","targetHints":{"allow":["GET"]}}],"collection":[{"href":"https:\/\/sistemafaepa.com.br\/faepa\/wp-json\/wp\/v2\/posts"}],"about":[{"href":"https:\/\/sistemafaepa.com.br\/faepa\/wp-json\/wp\/v2\/types\/post"}],"author":[{"embeddable":true,"href":"https:\/\/sistemafaepa.com.br\/faepa\/wp-json\/wp\/v2\/users\/1"}],"replies":[{"embeddable":true,"href":"https:\/\/sistemafaepa.com.br\/faepa\/wp-json\/wp\/v2\/comments?post=2274"}],"version-history":[{"count":0,"href":"https:\/\/sistemafaepa.com.br\/faepa\/wp-json\/wp\/v2\/posts\/2274\/revisions"}],"wp:attachment":[{"href":"https:\/\/sistemafaepa.com.br\/faepa\/wp-json\/wp\/v2\/media?parent=2274"}],"wp:term":[{"taxonomy":"category","embeddable":true,"href":"https:\/\/sistemafaepa.com.br\/faepa\/wp-json\/wp\/v2\/categories?post=2274"},{"taxonomy":"post_tag","embeddable":true,"href":"https:\/\/sistemafaepa.com.br\/faepa\/wp-json\/wp\/v2\/tags?post=2274"}],"curies":[{"name":"wp","href":"https:\/\/api.w.org\/{rel}","templated":true}]}}