{"id":1968,"date":"2019-12-09T16:20:02","date_gmt":"2019-12-09T19:20:02","guid":{"rendered":"http:\/\/sistemafaepa.com.br\/faepa\/feagro-e-dia-de-campo-leite-maraba-pa-foram-sucesso\/"},"modified":"2019-12-09T16:20:02","modified_gmt":"2019-12-09T19:20:02","slug":"feagro-e-dia-de-campo-leite-maraba-pa-foram-sucesso","status":"publish","type":"post","link":"https:\/\/sistemafaepa.com.br\/faepa\/feagro-e-dia-de-campo-leite-maraba-pa-foram-sucesso\/","title":{"rendered":"Feagro e Dia de Campo Leite Marab\u00e1-PA foram sucesso"},"content":{"rendered":"<div id=\"attachment_3746\" class=\"wp-caption aligncenter\"><a href=\"http:\/\/abraleite.org.br\/wp-content\/uploads\/2019\/12\/WhatsApp-Image-2019-12-07-at-19.29.26.jpeg\"><img loading=\"lazy\" decoding=\"async\" class=\"size-large wp-image-1969\" src=\"http:\/\/abraleite.org.br\/wp-content\/uploads\/2019\/12\/WhatsApp-Image-2019-12-07-at-19.29.26-1024x768.jpeg\" alt=\"\" width=\"750\" height=\"563\" \/><\/a><\/p>\n<p class=\"wp-caption-text\">Dia de Campo com palestras no Tatersal de Leil\u00f5es do Parque de Exposi\u00e7\u00f5es de Marab\u00e1<\/p>\n<\/div>\n<div id=\"attachment_3744\" class=\"wp-caption aligncenter\"><a href=\"http:\/\/abraleite.org.br\/wp-content\/uploads\/2019\/12\/WhatsApp-Image-2019-12-07-at-19.29.25.jpeg\"><img loading=\"lazy\" decoding=\"async\" class=\"size-large wp-image-1971\" src=\"http:\/\/abraleite.org.br\/wp-content\/uploads\/2019\/12\/WhatsApp-Image-2019-12-07-at-19.29.25-1024x896.jpeg\" alt=\"\" width=\"750\" height=\"656\" \/><\/a><\/p>\n<p class=\"wp-caption-text\">O coordenador regional da ATeG Par\u00e1 D\u00e1cio Carvalho com o presidente da ABRALEITE<\/p>\n<\/div>\n<div id=\"attachment_3747\" class=\"wp-caption aligncenter\"><a href=\"http:\/\/abraleite.org.br\/wp-content\/uploads\/2019\/12\/WhatsApp-Image-2019-12-07-at-19.29.261.jpeg\"><img loading=\"lazy\" decoding=\"async\" class=\"size-large wp-image-1973\" src=\"http:\/\/abraleite.org.br\/wp-content\/uploads\/2019\/12\/WhatsApp-Image-2019-12-07-at-19.29.261-1024x942.jpeg\" alt=\"\" width=\"750\" height=\"690\" \/><\/a><\/p>\n<p class=\"wp-caption-text\">O presidente da ABRALEITE com o conselheiro representante estadual da ABRALEITE Carlos Magno Oliveira, que preside a Associa\u00e7\u00e3o dos Produtores de Leite de Rondon do Par\u00e1 e Regi\u00e3o-Amileite<\/p>\n<\/div>\n<div id=\"attachment_3748\" class=\"wp-caption aligncenter\"><a href=\"http:\/\/abraleite.org.br\/wp-content\/uploads\/2019\/12\/WhatsApp-Image-2019-12-07-at-19.29.262.jpeg\"><img loading=\"lazy\" decoding=\"async\" class=\"size-large wp-image-1975\" src=\"http:\/\/abraleite.org.br\/wp-content\/uploads\/2019\/12\/WhatsApp-Image-2019-12-07-at-19.29.262-1024x768.jpeg\" alt=\"\" width=\"750\" height=\"563\" \/><\/a><\/p>\n<p class=\"wp-caption-text\">Momento de palestra no Dia de Campo em Marab\u00e1<\/p>\n<\/div>\n<p>&nbsp;<\/p>\n<p>A Feagro-Feira do Agroneg\u00f3ciono N\u00facleo Caraj\u00e1s, foi um evento preparado pelo N\u00facleo Caraj\u00e1s em conjunto com o Sindicato Rural de Marab\u00e1, o Sistema Faepa\/Senar-PA e a Prefeitura de Marab\u00e1, contando com patroc\u00ednio e apoio de diversas empresas e institui\u00e7\u00f5es locais e da ABRALEITE Associa\u00e7\u00e3o Brasileira de Produtores de Leite.<\/p>\n<p>A programa\u00e7\u00e3o da Feira foi diversificada, contando com torneio leiteiro, feiras de bovinos leiteiros, equipamentos e insumos, tendo como destaque, o Dia de Campo com palestras de assuntos da pecu\u00e1ria leiteira.<\/p>\n<p>\u201cFoi uma uni\u00e3o de for\u00e7as para realizar no dia 7 de novembro um dia de Campo diferenciado no Parque de Exposi\u00e7\u00f5es Agropecu\u00e1rias de Marab\u00e1, que contou com palestras focadas em a\u00e7\u00f5es e resultados da assist\u00eancia t\u00e9cnica e gerencial do Senar-PA e convidamos o presidente da ABRALEITE, Geraldo Borges, que prestigiou o Evento com sua presen\u00e7a e palestra, oportunidade em que tivemos 510 produtores rurais de 13 munic\u00edpios paraenses presentes\u201d, comentou o coordenador Regional da Assist\u00eancia T\u00e9cnica do Senar-PA, D\u00e1cio Carvalho, que representou o Sistema Faepa Senar-PA no Evento.<\/p>\n<p>O Dia de Campo foi muito rico, com palestras e informa\u00e7\u00f5es principalmente dos exitosos resultados alcan\u00e7ados de um ano de trabalho de um grupo de 270 produtores de 6 munic\u00edpios.<\/p>\n<p>A palestra da ABRALEITE foi um dos momentos de destaque do dia e\u00a0chamou aten\u00e7\u00e3o de todos os presentes, que filiaram em massa \u00e0 ABRALEITE.<\/p>\n<p>Marab\u00e1 foi a oitava visita da presid\u00eancia da ABRALEITE ao Par\u00e1, precedida por Reden\u00e7\u00e3o, Bel\u00e9m do Par\u00e1 (2 vezes), Rondon do Par\u00e1, Soure Ilha de Maraj\u00f3, Irituia e Castanhal.<\/p>\n<p>Neste dia de Campo esteve presente, acompanhando o presidente da ABRALEITE, o membro do Conselho de Representantes Estaduais da ABRALEITE pelo Par\u00e1, Carlos Magno Oliveira, que tamb\u00e9m preside a Associa\u00e7\u00e3o dos Produtores de Leite de Rondon do Par\u00e1 e atua com dedica\u00e7\u00e3o \u00e0 ABRALEITE.<\/p>\n<p>Tamb\u00e9m palestraram no Dia de Campo:<\/p>\n<p>Nivaldo Michetti (produtor rural) \u201cMudando a vida produzindo Leite\u201d;\u00a0M\u00e1rio Barbosa Rosa Filho (engenheiro agr\u00f4nomo da Cooperideal) \u201cVoc\u00ea aproveita seu t\u00e9cnico como deveria?\u201d; Emerson Faria (gerente de neg\u00f3cios embri\u00f5es ABS) \u201cFerramentas de multiplica\u00e7\u00e3o e melhoramento gen\u00e9tico em bovinos\u201d; Danillo Henrique (prof. IFPA Campus Marab\u00e1 Rural) \u201cImpactos da suplementa\u00e7\u00e3o mineral na reprodu\u00e7\u00e3o de bovinos\u201d; Rodrigo de Morais (m\u00e9dico veterin\u00e1rio do IFPA\/Campus Marab\u00e1 Rural) \u201cManejo de cria na bovinocultura de leite\u201d.<\/p>\n<p>A Feira e o Dia Campo foram \u00a0um sucesso, onde os produtores puderam ver o trabalho desenvolvido pela ABRALEITE durante a apresenta\u00e7\u00e3o do seu presidente e tamb\u00e9m puderam ver que a assist\u00eancia t\u00e9cnica gerencial conseguiu aumentar a produ\u00e7\u00e3o em 59% e aumentar a renda em 51% dos produtores de leite assistidos no Projeto do Par\u00e1.<\/p>\n","protected":false},"excerpt":{"rendered":"<p>Dia de Campo com palestras no Tatersal de Leil\u00f5es do Parque de Exposi\u00e7\u00f5es de Marab\u00e1 O coordenador regional da ATeG Par\u00e1 D\u00e1cio Carvalho com o presidente da ABRALEITE O presidente da ABRALEITE com o conselheiro representante estadual da ABRALEITE Carlos Magno Oliveira, que preside a Associa\u00e7\u00e3o dos Produtores de Leite de Rondon do Par\u00e1 e [&hellip;]<\/p>\n","protected":false},"author":1,"featured_media":1977,"comment_status":"open","ping_status":"open","sticky":false,"template":"","format":"standard","meta":{"_et_pb_use_builder":"","_et_pb_old_content":"","_et_gb_content_width":"","footnotes":""},"categories":[1],"tags":[],"class_list":["post-1968","post","type-post","status-publish","format-standard","has-post-thumbnail","hentry","category-sem-categoria"],"_links":{"self":[{"href":"https:\/\/sistemafaepa.com.br\/faepa\/wp-json\/wp\/v2\/posts\/1968","targetHints":{"allow":["GET"]}}],"collection":[{"href":"https:\/\/sistemafaepa.com.br\/faepa\/wp-json\/wp\/v2\/posts"}],"about":[{"href":"https:\/\/sistemafaepa.com.br\/faepa\/wp-json\/wp\/v2\/types\/post"}],"author":[{"embeddable":true,"href":"https:\/\/sistemafaepa.com.br\/faepa\/wp-json\/wp\/v2\/users\/1"}],"replies":[{"embeddable":true,"href":"https:\/\/sistemafaepa.com.br\/faepa\/wp-json\/wp\/v2\/comments?post=1968"}],"version-history":[{"count":0,"href":"https:\/\/sistemafaepa.com.br\/faepa\/wp-json\/wp\/v2\/posts\/1968\/revisions"}],"wp:featuredmedia":[{"embeddable":true,"href":"https:\/\/sistemafaepa.com.br\/faepa\/wp-json\/"}],"wp:attachment":[{"href":"https:\/\/sistemafaepa.com.br\/faepa\/wp-json\/wp\/v2\/media?parent=1968"}],"wp:term":[{"taxonomy":"category","embeddable":true,"href":"https:\/\/sistemafaepa.com.br\/faepa\/wp-json\/wp\/v2\/categories?post=1968"},{"taxonomy":"post_tag","embeddable":true,"href":"https:\/\/sistemafaepa.com.br\/faepa\/wp-json\/wp\/v2\/tags?post=1968"}],"curies":[{"name":"wp","href":"https:\/\/api.w.org\/{rel}","templated":true}]}}