{"id":1956,"date":"2019-12-04T14:08:30","date_gmt":"2019-12-04T17:08:30","guid":{"rendered":"http:\/\/sistemafaepa.com.br\/faepa\/52o-encontro-ruralista-segue-em-segundo-dia-de-evento\/"},"modified":"2019-12-04T14:08:30","modified_gmt":"2019-12-04T17:08:30","slug":"52o-encontro-ruralista-segue-em-segundo-dia-de-evento","status":"publish","type":"post","link":"https:\/\/sistemafaepa.com.br\/faepa\/52o-encontro-ruralista-segue-em-segundo-dia-de-evento\/","title":{"rendered":"Segundo dia de Encontro Ruralista aborda Projeto Biomas"},"content":{"rendered":"<p>Em continuidade ao 52\u00ba Encontro Ruralista, na manh\u00e3 desta quarta-feira, 4, o tema \u201cAvan\u00e7os para Adequa\u00e7\u00e3o Ambiental de Propriedades Rurais no Estado do Par\u00e1\u201d abriu a programa\u00e7\u00e3o do segundo dia de evento. Dentre os palestrantes, Alexandre Mehl, da Embrapa Oriental explicou aos cerca de 200 l\u00edderes sindicais, o Projeto Biomas. Na sequencia, a assessora t\u00e9cnica da CNA e Coordenadora Executiva do Projeto Biomas, Cl\u00e1udia Rabello palestrou sobre o Programa de Regulariza\u00e7\u00e3o Ambiental Simplificado \u2013 PRA.<\/p>\n<p>Segundo a assessora t\u00e9cnica da CNA, Cla\u00fadia Rabello, o \u00a0projeto Biomas viabiliza a introdu\u00e7\u00e3o de \u00e1rvores nas propriedades rurais com fins econ\u00f4micos e ambientais, assim como a aplicabilidade na legisla\u00e7\u00e3o ambiental.<\/p>\n<p>\u201cHoje apresentamos \u00a0um projeto piloto que estamos desenvolvendo no sul do Amazonas denominado Projeto de Simplifica\u00e7\u00e3o de Regulariza\u00e7\u00e3o Ambiental, a fim de conseguirmos colocar o setor produtivo junto com o setor ambiental. A partir dessa a\u00e7\u00e3o podemos pensar em diretrizes vi\u00e1veis para o produtor rural\u201d, explicou.<\/p>\n<p>De acordo com Alexandre Mehl, da Embrapa Oriental e coordenador Regional do Projeto Biomas, as a\u00e7\u00f5es no Estado proporcionam condi\u00e7\u00f5es para que o produtor rural veja que a planta\u00e7\u00e3o de \u00e1rvores pode ser elemento vi\u00e1vel dentro dos sistemas produtivos.<\/p>\n<p>\u201c O que o projeto prop\u00f5e \u00e9 mostrar \u00a0as v\u00e1rias possibilidades ao produtor rural do Par\u00e1 . Mostramos que o uso da \u00e1rvore pode ser feito n\u00e3o no sentido da imposi\u00e7\u00e3o de que o produtor tem que plantar. Sim, ele pode plantar, mas essa a\u00e7\u00e3o pode gerar uma rentabilidade, \u00a0atrav\u00e9s dos sistemas produtivos do projeto\u201d, esclareceu.<\/p>\n<p>&nbsp;<\/p>\n","protected":false},"excerpt":{"rendered":"<p>Em continuidade ao 52\u00ba Encontro Ruralista, na manh\u00e3 desta quarta-feira, 4, o tema \u201cAvan\u00e7os para Adequa\u00e7\u00e3o Ambiental de Propriedades Rurais no Estado do Par\u00e1\u201d abriu a programa\u00e7\u00e3o do segundo dia de evento. Dentre os palestrantes, Alexandre Mehl, da Embrapa Oriental explicou aos cerca de 200 l\u00edderes sindicais, o Projeto Biomas. Na sequencia, a assessora t\u00e9cnica [&hellip;]<\/p>\n","protected":false},"author":1,"featured_media":1957,"comment_status":"open","ping_status":"open","sticky":false,"template":"","format":"standard","meta":{"_et_pb_use_builder":"","_et_pb_old_content":"","_et_gb_content_width":"","footnotes":""},"categories":[1],"tags":[],"class_list":["post-1956","post","type-post","status-publish","format-standard","has-post-thumbnail","hentry","category-sem-categoria"],"_links":{"self":[{"href":"https:\/\/sistemafaepa.com.br\/faepa\/wp-json\/wp\/v2\/posts\/1956","targetHints":{"allow":["GET"]}}],"collection":[{"href":"https:\/\/sistemafaepa.com.br\/faepa\/wp-json\/wp\/v2\/posts"}],"about":[{"href":"https:\/\/sistemafaepa.com.br\/faepa\/wp-json\/wp\/v2\/types\/post"}],"author":[{"embeddable":true,"href":"https:\/\/sistemafaepa.com.br\/faepa\/wp-json\/wp\/v2\/users\/1"}],"replies":[{"embeddable":true,"href":"https:\/\/sistemafaepa.com.br\/faepa\/wp-json\/wp\/v2\/comments?post=1956"}],"version-history":[{"count":0,"href":"https:\/\/sistemafaepa.com.br\/faepa\/wp-json\/wp\/v2\/posts\/1956\/revisions"}],"wp:featuredmedia":[{"embeddable":true,"href":"https:\/\/sistemafaepa.com.br\/faepa\/wp-json\/"}],"wp:attachment":[{"href":"https:\/\/sistemafaepa.com.br\/faepa\/wp-json\/wp\/v2\/media?parent=1956"}],"wp:term":[{"taxonomy":"category","embeddable":true,"href":"https:\/\/sistemafaepa.com.br\/faepa\/wp-json\/wp\/v2\/categories?post=1956"},{"taxonomy":"post_tag","embeddable":true,"href":"https:\/\/sistemafaepa.com.br\/faepa\/wp-json\/wp\/v2\/tags?post=1956"}],"curies":[{"name":"wp","href":"https:\/\/api.w.org\/{rel}","templated":true}]}}