{"id":1953,"date":"2019-12-04T13:14:15","date_gmt":"2019-12-04T16:14:15","guid":{"rendered":"http:\/\/sistemafaepa.com.br\/faepa\/cna-jovem-jovens-assumem-o-protagonismo-no-agro-em-encontro-ruralista-e-divulgam-processo-seletivo-2020\/"},"modified":"2019-12-04T13:14:15","modified_gmt":"2019-12-04T16:14:15","slug":"cna-jovem-jovens-assumem-o-protagonismo-no-agro-em-encontro-ruralista-e-divulgam-processo-seletivo-2020","status":"publish","type":"post","link":"https:\/\/sistemafaepa.com.br\/faepa\/cna-jovem-jovens-assumem-o-protagonismo-no-agro-em-encontro-ruralista-e-divulgam-processo-seletivo-2020\/","title":{"rendered":"CNA Jovem: Jovens assumem o protagonismo no agro em Encontro Ruralista e divulgam processo seletivo 2020"},"content":{"rendered":"<p>Dois participantes do Par\u00e1 na\u00a03\u00aa edi\u00e7\u00e3o do CNA Jovem participaram ontem, 3, da primeira noite de encerramento do 52\u00ba Encontro Ruralista.<\/p>\n<p>A iniciativa, promovida pela Confedera\u00e7\u00e3o da Agricultura e Pecu\u00e1ria do Brasil (CNA) e pelo Servi\u00e7o Nacional de Aprendizagem Rural (SENAR), com apoio regional do Sistema FAEPA, busca descobrir e incentivar jovens com potencial para assumir papeis de lideran\u00e7a no setor agropecu\u00e1rio brasileiro, nos \u00e2mbitos institucional, sindical, pol\u00edtico-partid\u00e1rio, educacional e empresarial.<\/p>\n<p>Na ocasi\u00e3o, a discente de doutorado do Programa de P\u00f3s-Gradua\u00e7\u00e3o em Agronomia da Universidade Federal Rural da Amaz\u00f4nia (Ufra), Let\u00edcia Cunha da Hungria, uma das paraenses integrantes do grupo vencedor com o projeto \u201cSustentar.e: conectando experi\u00eancias\u201d exibiu orgulhosa a premia\u00e7\u00e3o.<\/p>\n<p>&nbsp;<\/p>\n","protected":false},"excerpt":{"rendered":"<p>Dois participantes do Par\u00e1 na\u00a03\u00aa edi\u00e7\u00e3o do CNA Jovem participaram ontem, 3, da primeira noite de encerramento do 52\u00ba Encontro Ruralista. A iniciativa, promovida pela Confedera\u00e7\u00e3o da Agricultura e Pecu\u00e1ria do Brasil (CNA) e pelo Servi\u00e7o Nacional de Aprendizagem Rural (SENAR), com apoio regional do Sistema FAEPA, busca descobrir e incentivar jovens com potencial para [&hellip;]<\/p>\n","protected":false},"author":1,"featured_media":0,"comment_status":"open","ping_status":"open","sticky":false,"template":"","format":"standard","meta":{"_et_pb_use_builder":"","_et_pb_old_content":"","_et_gb_content_width":"","footnotes":""},"categories":[1],"tags":[],"class_list":["post-1953","post","type-post","status-publish","format-standard","hentry","category-sem-categoria"],"_links":{"self":[{"href":"https:\/\/sistemafaepa.com.br\/faepa\/wp-json\/wp\/v2\/posts\/1953","targetHints":{"allow":["GET"]}}],"collection":[{"href":"https:\/\/sistemafaepa.com.br\/faepa\/wp-json\/wp\/v2\/posts"}],"about":[{"href":"https:\/\/sistemafaepa.com.br\/faepa\/wp-json\/wp\/v2\/types\/post"}],"author":[{"embeddable":true,"href":"https:\/\/sistemafaepa.com.br\/faepa\/wp-json\/wp\/v2\/users\/1"}],"replies":[{"embeddable":true,"href":"https:\/\/sistemafaepa.com.br\/faepa\/wp-json\/wp\/v2\/comments?post=1953"}],"version-history":[{"count":0,"href":"https:\/\/sistemafaepa.com.br\/faepa\/wp-json\/wp\/v2\/posts\/1953\/revisions"}],"wp:attachment":[{"href":"https:\/\/sistemafaepa.com.br\/faepa\/wp-json\/wp\/v2\/media?parent=1953"}],"wp:term":[{"taxonomy":"category","embeddable":true,"href":"https:\/\/sistemafaepa.com.br\/faepa\/wp-json\/wp\/v2\/categories?post=1953"},{"taxonomy":"post_tag","embeddable":true,"href":"https:\/\/sistemafaepa.com.br\/faepa\/wp-json\/wp\/v2\/tags?post=1953"}],"curies":[{"name":"wp","href":"https:\/\/api.w.org\/{rel}","templated":true}]}}