{"id":1951,"date":"2019-11-29T15:19:42","date_gmt":"2019-11-29T18:19:42","guid":{"rendered":"http:\/\/sistemafaepa.com.br\/faepa\/presidente-da-faepa-ministra-palestra-para-integrantes-da-adesg\/"},"modified":"2019-11-29T15:19:42","modified_gmt":"2019-11-29T18:19:42","slug":"presidente-da-faepa-ministra-palestra-para-integrantes-da-adesg","status":"publish","type":"post","link":"https:\/\/sistemafaepa.com.br\/faepa\/presidente-da-faepa-ministra-palestra-para-integrantes-da-adesg\/","title":{"rendered":"Presidente da Faepa ministra palestra para integrantes da Adesg"},"content":{"rendered":"<p>Nesta sexta- feira, 29, o presidente da Federa\u00e7\u00e3o de Agricultura e Pecu\u00e1ria do Par\u00e1 (FAEPA), Carlos Xavier, palestrou para integrantes do curso de forma\u00e7\u00e3o da Associa\u00e7\u00e3o dos Diplomados da Escola Superior de Guerra (ADESG), \u00a0S\u00e3o Paulo e do Par\u00e1. A visita teve o objetivo de tratar sobre temas relacionados a estrat\u00e9gia pol\u00edtica e conhecimento da \u00e1rea.<\/p>\n","protected":false},"excerpt":{"rendered":"<p>Nesta sexta- feira, 29, o presidente da Federa\u00e7\u00e3o de Agricultura e Pecu\u00e1ria do Par\u00e1 (FAEPA), Carlos Xavier, palestrou para integrantes do curso de forma\u00e7\u00e3o da Associa\u00e7\u00e3o dos Diplomados da Escola Superior de Guerra (ADESG), \u00a0S\u00e3o Paulo e do Par\u00e1. A visita teve o objetivo de tratar sobre temas relacionados a estrat\u00e9gia pol\u00edtica e conhecimento da [&hellip;]<\/p>\n","protected":false},"author":1,"featured_media":1952,"comment_status":"open","ping_status":"open","sticky":false,"template":"","format":"standard","meta":{"_et_pb_use_builder":"","_et_pb_old_content":"","_et_gb_content_width":"","footnotes":""},"categories":[1],"tags":[],"class_list":["post-1951","post","type-post","status-publish","format-standard","has-post-thumbnail","hentry","category-sem-categoria"],"_links":{"self":[{"href":"https:\/\/sistemafaepa.com.br\/faepa\/wp-json\/wp\/v2\/posts\/1951","targetHints":{"allow":["GET"]}}],"collection":[{"href":"https:\/\/sistemafaepa.com.br\/faepa\/wp-json\/wp\/v2\/posts"}],"about":[{"href":"https:\/\/sistemafaepa.com.br\/faepa\/wp-json\/wp\/v2\/types\/post"}],"author":[{"embeddable":true,"href":"https:\/\/sistemafaepa.com.br\/faepa\/wp-json\/wp\/v2\/users\/1"}],"replies":[{"embeddable":true,"href":"https:\/\/sistemafaepa.com.br\/faepa\/wp-json\/wp\/v2\/comments?post=1951"}],"version-history":[{"count":0,"href":"https:\/\/sistemafaepa.com.br\/faepa\/wp-json\/wp\/v2\/posts\/1951\/revisions"}],"wp:featuredmedia":[{"embeddable":true,"href":"https:\/\/sistemafaepa.com.br\/faepa\/wp-json\/"}],"wp:attachment":[{"href":"https:\/\/sistemafaepa.com.br\/faepa\/wp-json\/wp\/v2\/media?parent=1951"}],"wp:term":[{"taxonomy":"category","embeddable":true,"href":"https:\/\/sistemafaepa.com.br\/faepa\/wp-json\/wp\/v2\/categories?post=1951"},{"taxonomy":"post_tag","embeddable":true,"href":"https:\/\/sistemafaepa.com.br\/faepa\/wp-json\/wp\/v2\/tags?post=1951"}],"curies":[{"name":"wp","href":"https:\/\/api.w.org\/{rel}","templated":true}]}}