{"id":1947,"date":"2019-11-29T15:14:16","date_gmt":"2019-11-29T18:14:16","guid":{"rendered":"http:\/\/sistemafaepa.com.br\/faepa\/moradores-da-praia-da-fazendinha-recebem-forum-sobre-desenvolvimento-sustentavel\/"},"modified":"2019-11-29T15:14:16","modified_gmt":"2019-11-29T18:14:16","slug":"moradores-da-praia-da-fazendinha-recebem-forum-sobre-desenvolvimento-sustentavel","status":"publish","type":"post","link":"https:\/\/sistemafaepa.com.br\/faepa\/moradores-da-praia-da-fazendinha-recebem-forum-sobre-desenvolvimento-sustentavel\/","title":{"rendered":"Moradores da praia da Fazendinha recebem F\u00f3rum sobre Desenvolvimento Sustent\u00e1vel"},"content":{"rendered":"<p style=\"font-weight: 400\">Nesta sexta-feira, 29 e s\u00e1bado 30, a praia da Fazendinha, no munic\u00edpio de Barcarena recebe o I F\u00f3rum de Apoio de Desenvolvimento Local Sustent\u00e1vel. A iniciativa do Sistema Faepa\/Senar visa articular a\u00e7\u00f5es que impulsionem o desenvolvimento local, por meio de parcerias estrat\u00e9gicas visando garantir continuidade e sustentabilidade dos resultados.<\/p>\n<p style=\"font-weight: 400\">No primeiro dia de evento a extensa programa\u00e7\u00e3o teve palestra sobre \u201cPrograma Comunidade Integrada e o Desenvolvimento Sustent\u00e1vel, bem como ensinamento relacionados a \u201cEstrat\u00e9gia Metodol\u00f3gica\u201d. Parte das atividades do F\u00f3rum ser\u00e3o pr\u00e1ticas com visitas a stands e a visibilidade por meio da comercializa\u00e7\u00e3o dos produtos.<\/p>\n<p>A coordenadora da a\u00e7\u00e3o, a pedagoga Eleny Cavalcante, foi quem realizou a abertura.<\/p>\n<p><img loading=\"lazy\" decoding=\"async\" class=\"alignnone size-medium wp-image-1948\" src=\"https:\/\/sistemafaepa.com.br\/faepa\/wp-content\/uploads\/sites\/5\/2019\/11\/4e23d119-e2bd-44d0-a2db-a740cdc670dd-300x225.jpg\" alt=\"\" width=\"300\" height=\"225\" \/><\/p>\n<p style=\"font-weight: 400\">No segundo dia de palestras o tema em destaque ser\u00e1 \u201cA import\u00e2ncia do Turismo Rural como Instrumento para o Desenvolvimento local sustent\u00e1vel\u201d. Na sequ\u00eancia haver\u00e1 apresenta\u00e7\u00e3o de v\u00eddeo com os resultados alcan\u00e7ados, al\u00e9m da entrega de certificados aos participantes.<\/p>\n<p style=\"font-weight: 400\"><strong>Programa \u2013<\/strong> O Programa Comunidade Integrada \u00e9 resultado de parceria entre o Sistema Faepa\/Senar e Unitapaj\u00f3s com a finalidade de qualificar os moradores das comunidades para uma vida plena, portanto com um olhar para ser humano na totalidade de suas rela\u00e7\u00f5es que est\u00e3o interligadas no consumo sustent\u00e1vel, preserva\u00e7\u00e3o e conserva\u00e7\u00e3o do meio ambiente, ou seja, na integra\u00e7\u00e3o para melhor qualidade de vida.<\/p>\n","protected":false},"excerpt":{"rendered":"<p>Nesta sexta-feira, 29 e s\u00e1bado 30, a praia da Fazendinha, no munic\u00edpio de Barcarena recebe o I F\u00f3rum de Apoio de Desenvolvimento Local Sustent\u00e1vel. A iniciativa do Sistema Faepa\/Senar visa articular a\u00e7\u00f5es que impulsionem o desenvolvimento local, por meio de parcerias estrat\u00e9gicas visando garantir continuidade e sustentabilidade dos resultados. No primeiro dia de evento a [&hellip;]<\/p>\n","protected":false},"author":1,"featured_media":1950,"comment_status":"open","ping_status":"open","sticky":false,"template":"","format":"standard","meta":{"_et_pb_use_builder":"","_et_pb_old_content":"","_et_gb_content_width":"","footnotes":""},"categories":[1],"tags":[],"class_list":["post-1947","post","type-post","status-publish","format-standard","has-post-thumbnail","hentry","category-sem-categoria"],"_links":{"self":[{"href":"https:\/\/sistemafaepa.com.br\/faepa\/wp-json\/wp\/v2\/posts\/1947","targetHints":{"allow":["GET"]}}],"collection":[{"href":"https:\/\/sistemafaepa.com.br\/faepa\/wp-json\/wp\/v2\/posts"}],"about":[{"href":"https:\/\/sistemafaepa.com.br\/faepa\/wp-json\/wp\/v2\/types\/post"}],"author":[{"embeddable":true,"href":"https:\/\/sistemafaepa.com.br\/faepa\/wp-json\/wp\/v2\/users\/1"}],"replies":[{"embeddable":true,"href":"https:\/\/sistemafaepa.com.br\/faepa\/wp-json\/wp\/v2\/comments?post=1947"}],"version-history":[{"count":0,"href":"https:\/\/sistemafaepa.com.br\/faepa\/wp-json\/wp\/v2\/posts\/1947\/revisions"}],"wp:featuredmedia":[{"embeddable":true,"href":"https:\/\/sistemafaepa.com.br\/faepa\/wp-json\/"}],"wp:attachment":[{"href":"https:\/\/sistemafaepa.com.br\/faepa\/wp-json\/wp\/v2\/media?parent=1947"}],"wp:term":[{"taxonomy":"category","embeddable":true,"href":"https:\/\/sistemafaepa.com.br\/faepa\/wp-json\/wp\/v2\/categories?post=1947"},{"taxonomy":"post_tag","embeddable":true,"href":"https:\/\/sistemafaepa.com.br\/faepa\/wp-json\/wp\/v2\/tags?post=1947"}],"curies":[{"name":"wp","href":"https:\/\/api.w.org\/{rel}","templated":true}]}}