{"id":1941,"date":"2019-11-26T16:23:47","date_gmt":"2019-11-26T19:23:47","guid":{"rendered":"http:\/\/sistemafaepa.com.br\/faepa\/sistema-faepa-senar-realiza-encontro-de-gestores-sindicais\/"},"modified":"2019-11-26T16:23:47","modified_gmt":"2019-11-26T19:23:47","slug":"sistema-faepa-senar-realiza-encontro-de-gestores-sindicais","status":"publish","type":"post","link":"https:\/\/sistemafaepa.com.br\/faepa\/sistema-faepa-senar-realiza-encontro-de-gestores-sindicais\/","title":{"rendered":"Sistema Faepa\/Senar realiza encontro de gestores sindicais"},"content":{"rendered":"<p><strong>\u00a0<\/strong>Nos dias 3 e 4 de dezembro de 2019 ser\u00e1 realizado o 52 \u00ba Encontro Ruralista, com o tema: \u201cAgroneg\u00f3cio Sempre. Produzindo vida, conhecimento e inova\u00e7\u00e3o\u201d. O encontro, que acontece duas vezes ao ano, ocorre paralelo \u00e0 Assembleia Geral Ordin\u00e1ria do Conselho de Representantes da Faepa, cuja pauta foi publicada no Di\u00e1rio Oficial do Estado do Par\u00e1.<\/p>\n<p>A agenda do Encontro contemplar\u00e1 apresenta\u00e7\u00f5es sobre Perspectivas do clima para a safra 2019\/2020 e a Amaz\u00f4nia no clima global; Agro Up \u2013 Rede de Inova\u00e7\u00e3o para o Agro; Gest\u00e3o Sindical; Comunica\u00e7\u00e3o para o Agro; Defesa Agropecu\u00e1ria como fator de competitividade; Pol\u00edtica econ\u00f4mica para o Agro; Representatividade no Agro; O Agro e o Parlamento; Desregulamenta\u00e7\u00e3o e Adequa\u00e7\u00e3o Ambiental de Propriedades Rurais no Estado Do Par\u00e1; Log\u00edstica de Transporte; Avan\u00e7os para regulariza\u00e7\u00e3o fundi\u00e1ria; reuni\u00e3o da Comiss\u00e3o Nacional de Desenvolvimento da Regi\u00e3o Norte e Perspectivas para o Agro Brasileiro e a Inser\u00e7\u00e3o Do Par\u00e1: Oportunidades e Desafios.<\/p>\n<p>O Encontro Ruralista, promovido pelo Sistema Faepa\/Senar\/ Sindicatos com apoio da CNA, \u00e9 um dos maiores eventos de l\u00edderes sindicais do Brasil e reunir\u00e1 delegados representantes de 132 Sindicatos, coordenadores de 10 N\u00facleos Regionais, assessores t\u00e9cnicos sindicais, diretores, t\u00e9cnicos, palestrantes, autoridades e convidados em um objetivo comum: debater o cen\u00e1rio do agroneg\u00f3cio e sua import\u00e2ncia para o Par\u00e1, o Brasil e o mundo.<\/p>\n<p><strong>Agro Forte. Par\u00e1 Forte<\/strong><\/p>\n<p>O setor agropecu\u00e1rio contribui com cerca de 13,8% para o PIB do Par\u00e1, constituindo-se em base econ\u00f4mica de grande parte dos munic\u00edpios paraenses, inclusive, sendo a principal atividade em 91 dos 144 munic\u00edpios existentes.\u00a0 Nesse contexto, o agroneg\u00f3cio sobressai como fonte de ocupa\u00e7\u00e3o para parcela substantiva da popula\u00e7\u00e3o, absorvendo, em 2015, cerca de 1.500.292 milh\u00f5es de pessoas, o que corresponde e 42,68% dos trabalhadores no estado do Par\u00e1.<\/p>\n<p>O Par\u00e1 \u00e9 l\u00edder na produ\u00e7\u00e3o nacional de a\u00e7a\u00ed, abacaxi, cacau, dend\u00ea, mandioca e pimenta do reino. Tamb\u00e9m destaca-se na produ\u00e7\u00e3o de lim\u00e3o, banana e coco, ocupando, respectivamente, o 2\u00ba, 3\u00ba e 4\u00ba lugar no ranking nacional.<\/p>\n<p>Mais recentemente, vem ganhando espa\u00e7o a produ\u00e7\u00e3o de c\u00edtricos, com a expans\u00e3o do cultivo de laranja, no polo de Capit\u00e3o Po\u00e7o, no nordeste do Estado, favorecida pela implanta\u00e7\u00e3o da primeira f\u00e1brica de suco de laranja do Par\u00e1, considerada a maior do Norte e Nordeste do Pa\u00eds. Outro produto que tamb\u00e9m vem ganhando destaque \u00e9 o lim\u00e3o, cultivado, principalmente, no munic\u00edpio de Monte Alegre, no oeste paraense. As expectativas de crescimento da fruticultura paraense s\u00e3o bastante promissoras, tanto no segmento de frutas ex\u00f3ticas como no de frutas regionais, tendo em vista o aumento do consumo desses produtos, alguns deles com crescimento consider\u00e1vel de demanda, nos mercados nacional e internacional, como \u00e9 o caso do cacau e a\u00e7a\u00ed.<\/p>\n<p>Na pecu\u00e1ria, o Par\u00e1 ocupa o 4\u00ba lugar no ranking nacional, com um rebanho de aproximadamente 22 milh\u00f5es de cabe\u00e7as (IBGE, 2017), incluindo o rebanho bubalino (cerca de 513 mil cabe\u00e7as), o maior do Pa\u00eds, concentrado principalmente no arquip\u00e9lago Marajoara.<\/p>\n<p>O rebanho paraense se distingue pelo seu elevado padr\u00e3o gen\u00e9tico, assim como pela qualidade da carne que produz.. O Par\u00e1 destaca-se ainda na exporta\u00e7\u00e3o de boi vivo, sendo o maior exportador do pa\u00eds, apresentando, tamb\u00e9m, grande potencial na produ\u00e7\u00e3o de carne, couro, leite e seus respectivos derivados.<\/p>\n<p>A soja foi, em 2018, o principal produto da pauta de exporta\u00e7\u00e3o brasileira, atingindo o volume recorde de 1,4 milh\u00e3o de toneladas, equivalente a, aproximadamente, US$568 milh\u00f5es. No Par\u00e1, o complexo da soja j\u00e1 constitui o principal item da pauta de exporta\u00e7\u00e3o do agroneg\u00f3cio, representando cerca de 31,45% do valor exportado. Com efeito, a soja, no Par\u00e1, vem apresentando ritmo significativo de crescimento, expandindo sua \u00e1rea cultivada, no per\u00edodo de 2010\/2018, de 85,4 mil para 557,5 mil hectares, equivalente a 33,4% do total da \u00e1rea de lavouras, sendo a de maior representatividade dentre as culturas. J\u00e1 a quantidade produzida expandiu-se de 243,6 mil toneladas para 1,6 milh\u00e3o de toneladas. A produ\u00e7\u00e3o paraense de soja compreende tr\u00eas grandes polos: o do Nordeste paraense, de maior express\u00e3o, liderado pelo munic\u00edpio de Paragominas; o do sudeste paraense, tendo como principal munic\u00edpio produtor, Santana do Araguaia, e o do oeste,\u00a0 comandado pelo\u00a0 munic\u00edpio de Santar\u00e9m.<\/p>\n<p>O Par\u00e1 destaca-se ainda na Avicultura, Apicultura e Florestas Plantadas.<\/p>\n<p><strong>\u00a0<\/strong><\/p>\n","protected":false},"excerpt":{"rendered":"<p>\u00a0Nos dias 3 e 4 de dezembro de 2019 ser\u00e1 realizado o 52 \u00ba Encontro Ruralista, com o tema: \u201cAgroneg\u00f3cio Sempre. Produzindo vida, conhecimento e inova\u00e7\u00e3o\u201d. O encontro, que acontece duas vezes ao ano, ocorre paralelo \u00e0 Assembleia Geral Ordin\u00e1ria do Conselho de Representantes da Faepa, cuja pauta foi publicada no Di\u00e1rio Oficial do Estado [&hellip;]<\/p>\n","protected":false},"author":1,"featured_media":1942,"comment_status":"open","ping_status":"open","sticky":false,"template":"","format":"standard","meta":{"_et_pb_use_builder":"","_et_pb_old_content":"","_et_gb_content_width":"","footnotes":""},"categories":[1],"tags":[],"class_list":["post-1941","post","type-post","status-publish","format-standard","has-post-thumbnail","hentry","category-sem-categoria"],"_links":{"self":[{"href":"https:\/\/sistemafaepa.com.br\/faepa\/wp-json\/wp\/v2\/posts\/1941","targetHints":{"allow":["GET"]}}],"collection":[{"href":"https:\/\/sistemafaepa.com.br\/faepa\/wp-json\/wp\/v2\/posts"}],"about":[{"href":"https:\/\/sistemafaepa.com.br\/faepa\/wp-json\/wp\/v2\/types\/post"}],"author":[{"embeddable":true,"href":"https:\/\/sistemafaepa.com.br\/faepa\/wp-json\/wp\/v2\/users\/1"}],"replies":[{"embeddable":true,"href":"https:\/\/sistemafaepa.com.br\/faepa\/wp-json\/wp\/v2\/comments?post=1941"}],"version-history":[{"count":0,"href":"https:\/\/sistemafaepa.com.br\/faepa\/wp-json\/wp\/v2\/posts\/1941\/revisions"}],"wp:featuredmedia":[{"embeddable":true,"href":"https:\/\/sistemafaepa.com.br\/faepa\/wp-json\/"}],"wp:attachment":[{"href":"https:\/\/sistemafaepa.com.br\/faepa\/wp-json\/wp\/v2\/media?parent=1941"}],"wp:term":[{"taxonomy":"category","embeddable":true,"href":"https:\/\/sistemafaepa.com.br\/faepa\/wp-json\/wp\/v2\/categories?post=1941"},{"taxonomy":"post_tag","embeddable":true,"href":"https:\/\/sistemafaepa.com.br\/faepa\/wp-json\/wp\/v2\/tags?post=1941"}],"curies":[{"name":"wp","href":"https:\/\/api.w.org\/{rel}","templated":true}]}}