{"id":1939,"date":"2019-11-25T13:49:56","date_gmt":"2019-11-25T16:49:56","guid":{"rendered":"http:\/\/sistemafaepa.com.br\/faepa\/avancos-da-pecuaria-bubalina-norteiam-debates-em-tres-regioes-no-para\/"},"modified":"2019-11-25T13:49:56","modified_gmt":"2019-11-25T16:49:56","slug":"avancos-da-pecuaria-bubalina-norteiam-debates-em-tres-regioes-no-para","status":"publish","type":"post","link":"https:\/\/sistemafaepa.com.br\/faepa\/avancos-da-pecuaria-bubalina-norteiam-debates-em-tres-regioes-no-para\/","title":{"rendered":"Avan\u00e7os da pecu\u00e1ria bubalina norteiam debates em tr\u00eas regi\u00f5es no Par\u00e1"},"content":{"rendered":"<p>Inicia nesta ter\u00e7a-feira, (26) na sede da Federa\u00e7\u00e3o de Agricultura e Pecu\u00e1ria do Par\u00e1 &#8211; Faepa, o Circuito de Palestras e Workshops do Programa de Melhoramento Gen\u00e9tico de B\u00fafalos com Inova\u00e7\u00e3o para o Estado do Par\u00e1 (Promebull Par\u00e1). A programa\u00e7\u00e3o segue em Santar\u00e9m, no dia 28, e em Cachoeira do Arari, em 6 de dezembro, reunindo os principais atores da cadeia bubalina de cada regi\u00e3o.<\/p>\n<p>De acordo com o pesquisador Ribamar Marques, l\u00edder do programa pela Embrapa Amaz\u00f4nia Oriental, a s\u00e9rie de eventos vai apresentar os avan\u00e7os proporcionados pelo melhoramento gen\u00e9tico da pecu\u00e1ria bubalina, que tem como base as inova\u00e7\u00f5es das biot\u00e9cnicas como a Insemina\u00e7\u00e3o Artificial em Tempo Fixo (IATF) e da Fecunda\u00e7\u00e3o in vitro de Embri\u00f5es. Ele lembrou ainda, que junto aos parceiros do programa, ser\u00e3o discutidos outros mecanismos e estrat\u00e9gias de manejo para a produ\u00e7\u00e3o de leite e seus produtos, como queijo artesanal, carne de qualidade, sustentabilidade e seguran\u00e7a alimentar, para o fortalecimento da cadeia produtiva. \u201cO Par\u00e1 concentra o maior rebanho do Brasil, mas ainda enfrente grandes desafios para o fortalecimento e profissionalismo do setor, mas os avan\u00e7os s\u00e3o significativos e temos muito a crescer\u201d, enfatiza do pesquisador.<\/p>\n<p>O Promebull passou de projeto da Embrapa a programa de Estado em 2018, por meio de conv\u00eanio firmado com a Secretaria de Estado de Desenvolvimento Agropecu\u00e1rio e da Pesca (Sedap) e Faepa e ganhou for\u00e7a com a\u00e7\u00f5es de interioriza\u00e7\u00e3o levando melhoramento gen\u00e9tico e profissionaliza\u00e7\u00e3o da cadeia \u00e0s regi\u00f5es que concentram os maiores rebanhos do Par\u00e1.<\/p>\n<p>Para o Hugo Suenaga, titular da Sedap, \u00e9 importante a realiza\u00e7\u00e3o dos eventos para avaliar os resultados obtidos e discutir onde precisa ser melhorado. Ele anunciou que \u00e9 desejo da secretaria a expans\u00e3o para outras localidades e o fortalecimento da bubalinocultura no Par\u00e1. O secret\u00e1rio comentou ainda que por se tratar de um projeto altamente inovador e tecnol\u00f3gico, \u00e9 importante que a sociedade o conhe\u00e7a. \u201cCada vez mais, o governo do Estado junto com a iniciativa privada e o terceiro setor est\u00e1 investindo nessa cadeia t\u00e3o importante para o Estado do Par\u00e1\u201d.<\/p>\n<p>Parceiro estrat\u00e9gico do Promebull, a Faepa abre o circuito de palestras e tem investido no sucesso do programa. Guilherme Minssen, da diretoria da federa\u00e7\u00e3o, afirma que o avan\u00e7o do programa trar\u00e1 o fortalecimento do emprego e renda, al\u00e9m de fixar o homem ao campo. \u201cEmpregando tecnologias na dissemina\u00e7\u00e3o da variabilidade do material gen\u00e9tico de qualidade superior, em um futuro pr\u00f3ximo, teremos Testes de Prog\u00eanie (TP) para substanciar a elabora\u00e7\u00e3o de Sum\u00e1rios ou Cat\u00e1logos de Reprodutores e Matrizes, geneticamente superiores do estado do Par\u00e1, consolidando o Par\u00e1 como produtor e exportador de gen\u00e9tica para todo pa\u00eds\u201d, enfatiza Minssen.<\/p>\n<p><strong>Servi\u00e7o:<\/strong><br \/>\nWorkshop do Programa Promebull Par\u00e1 e I Circuito de Palestras sobre a Pecu\u00e1ria Bubalina Leiteira Familiar do estado do Par\u00e1<\/p>\n<p><strong>Bel\u00e9m\u2013<\/strong> Sede da Federa\u00e7\u00e3o de Agricultura do Estado (Faepa)<br \/>\n<strong>Data:<\/strong> 26 de novembro das 8h30 \u00e0s 12h.<\/p>\n<p><strong>Santar\u00e9m<\/strong> &#8211; Sindicato Rural de Santar\u00e9m (Sirsan)<br \/>\n<strong>Data<\/strong>: 28 de novembro (8h30 \u00e0s 12h)<\/p>\n<p><strong>Cachoeira do Ararari<\/strong> &#8211; Cooperativa Agropecu\u00e1ria do Maraj\u00f3 (Coopmaraj\u00f3)<br \/>\n<strong>Data:<\/strong> 06 de dezembro (8h30 \u00e0s 12h)<\/p>\n","protected":false},"excerpt":{"rendered":"<p>Inicia nesta ter\u00e7a-feira, (26) na sede da Federa\u00e7\u00e3o de Agricultura e Pecu\u00e1ria do Par\u00e1 &#8211; Faepa, o Circuito de Palestras e Workshops do Programa de Melhoramento Gen\u00e9tico de B\u00fafalos com Inova\u00e7\u00e3o para o Estado do Par\u00e1 (Promebull Par\u00e1). A programa\u00e7\u00e3o segue em Santar\u00e9m, no dia 28, e em Cachoeira do Arari, em 6 de dezembro, [&hellip;]<\/p>\n","protected":false},"author":1,"featured_media":1940,"comment_status":"open","ping_status":"open","sticky":false,"template":"","format":"standard","meta":{"_et_pb_use_builder":"","_et_pb_old_content":"","_et_gb_content_width":"","footnotes":""},"categories":[1],"tags":[],"class_list":["post-1939","post","type-post","status-publish","format-standard","has-post-thumbnail","hentry","category-sem-categoria"],"_links":{"self":[{"href":"https:\/\/sistemafaepa.com.br\/faepa\/wp-json\/wp\/v2\/posts\/1939","targetHints":{"allow":["GET"]}}],"collection":[{"href":"https:\/\/sistemafaepa.com.br\/faepa\/wp-json\/wp\/v2\/posts"}],"about":[{"href":"https:\/\/sistemafaepa.com.br\/faepa\/wp-json\/wp\/v2\/types\/post"}],"author":[{"embeddable":true,"href":"https:\/\/sistemafaepa.com.br\/faepa\/wp-json\/wp\/v2\/users\/1"}],"replies":[{"embeddable":true,"href":"https:\/\/sistemafaepa.com.br\/faepa\/wp-json\/wp\/v2\/comments?post=1939"}],"version-history":[{"count":0,"href":"https:\/\/sistemafaepa.com.br\/faepa\/wp-json\/wp\/v2\/posts\/1939\/revisions"}],"wp:featuredmedia":[{"embeddable":true,"href":"https:\/\/sistemafaepa.com.br\/faepa\/wp-json\/"}],"wp:attachment":[{"href":"https:\/\/sistemafaepa.com.br\/faepa\/wp-json\/wp\/v2\/media?parent=1939"}],"wp:term":[{"taxonomy":"category","embeddable":true,"href":"https:\/\/sistemafaepa.com.br\/faepa\/wp-json\/wp\/v2\/categories?post=1939"},{"taxonomy":"post_tag","embeddable":true,"href":"https:\/\/sistemafaepa.com.br\/faepa\/wp-json\/wp\/v2\/tags?post=1939"}],"curies":[{"name":"wp","href":"https:\/\/api.w.org\/{rel}","templated":true}]}}