{"id":1930,"date":"2019-11-12T15:47:48","date_gmt":"2019-11-12T18:47:48","guid":{"rendered":"http:\/\/sistemafaepa.com.br\/faepa\/presidente-da-faepa-reune-em-brasilia-com-presidente-do-incra\/"},"modified":"2019-11-12T15:47:48","modified_gmt":"2019-11-12T18:47:48","slug":"presidente-da-faepa-reune-em-brasilia-com-presidente-do-incra","status":"publish","type":"post","link":"https:\/\/sistemafaepa.com.br\/faepa\/presidente-da-faepa-reune-em-brasilia-com-presidente-do-incra\/","title":{"rendered":"Presidente da Faepa re\u00fane em Bras\u00edlia com presidente do Incra"},"content":{"rendered":"<p>O presidente da Federa\u00e7\u00e3o da Agricultura e Pecu\u00e1ria do Par\u00e1 (Faepa), Carlos Xavier, e o presidente do Iterpa, Bruno Kono, participaram nesta ter\u00e7a- feira, 12 de novembro, em Bras\u00edlia, de uma reuni\u00e3o com o economista Geraldo Jos\u00e9 da C\u00e2mara Ferreira de Melo Filho, novo presidente do Incra.<\/p>\n<p>Geraldo Filho assumiu o cargo com a miss\u00e3o de promover a regulariza\u00e7\u00e3o fundi\u00e1ria de terras p\u00fablicas federais e a titula\u00e7\u00e3o dos assentamentos de reforma agr\u00e1ria. \u201cAssumo com muita expectativa e responsabilidade a presid\u00eancia de uma autarquia com quase 50 anos de hist\u00f3ria e relevantes servi\u00e7os prestados para o meio rural. O Incra tem uma s\u00e9rie de atribui\u00e7\u00f5es legais e o meu papel \u00e9 ajudar a melhorar os resultados. Vou avaliar as a\u00e7\u00f5es e dar continuidade ao trabalho desenvolvido\u201d, afirma.<\/p>\n","protected":false},"excerpt":{"rendered":"<p>O presidente da Federa\u00e7\u00e3o da Agricultura e Pecu\u00e1ria do Par\u00e1 (Faepa), Carlos Xavier, e o presidente do Iterpa, Bruno Kono, participaram nesta ter\u00e7a- feira, 12 de novembro, em Bras\u00edlia, de uma reuni\u00e3o com o economista Geraldo Jos\u00e9 da C\u00e2mara Ferreira de Melo Filho, novo presidente do Incra. Geraldo Filho assumiu o cargo com a miss\u00e3o [&hellip;]<\/p>\n","protected":false},"author":1,"featured_media":1931,"comment_status":"open","ping_status":"open","sticky":false,"template":"","format":"standard","meta":{"_et_pb_use_builder":"","_et_pb_old_content":"","_et_gb_content_width":"","footnotes":""},"categories":[1],"tags":[],"class_list":["post-1930","post","type-post","status-publish","format-standard","has-post-thumbnail","hentry","category-sem-categoria"],"_links":{"self":[{"href":"https:\/\/sistemafaepa.com.br\/faepa\/wp-json\/wp\/v2\/posts\/1930","targetHints":{"allow":["GET"]}}],"collection":[{"href":"https:\/\/sistemafaepa.com.br\/faepa\/wp-json\/wp\/v2\/posts"}],"about":[{"href":"https:\/\/sistemafaepa.com.br\/faepa\/wp-json\/wp\/v2\/types\/post"}],"author":[{"embeddable":true,"href":"https:\/\/sistemafaepa.com.br\/faepa\/wp-json\/wp\/v2\/users\/1"}],"replies":[{"embeddable":true,"href":"https:\/\/sistemafaepa.com.br\/faepa\/wp-json\/wp\/v2\/comments?post=1930"}],"version-history":[{"count":0,"href":"https:\/\/sistemafaepa.com.br\/faepa\/wp-json\/wp\/v2\/posts\/1930\/revisions"}],"wp:featuredmedia":[{"embeddable":true,"href":"https:\/\/sistemafaepa.com.br\/faepa\/wp-json\/"}],"wp:attachment":[{"href":"https:\/\/sistemafaepa.com.br\/faepa\/wp-json\/wp\/v2\/media?parent=1930"}],"wp:term":[{"taxonomy":"category","embeddable":true,"href":"https:\/\/sistemafaepa.com.br\/faepa\/wp-json\/wp\/v2\/categories?post=1930"},{"taxonomy":"post_tag","embeddable":true,"href":"https:\/\/sistemafaepa.com.br\/faepa\/wp-json\/wp\/v2\/tags?post=1930"}],"curies":[{"name":"wp","href":"https:\/\/api.w.org\/{rel}","templated":true}]}}