{"id":1920,"date":"2019-11-08T15:30:10","date_gmt":"2019-11-08T18:30:10","guid":{"rendered":"http:\/\/sistemafaepa.com.br\/faepa\/faepa-apoia-workshop-do-programa-promebull-para-e-i-circuito-de-palestras-sobre-a-pecuaria-bubalina-leiteira-familiar-do-estado-do-para\/"},"modified":"2019-11-08T15:30:10","modified_gmt":"2019-11-08T18:30:10","slug":"faepa-apoia-workshop-do-programa-promebull-para-e-i-circuito-de-palestras-sobre-a-pecuaria-bubalina-leiteira-familiar-do-estado-do-para","status":"publish","type":"post","link":"https:\/\/sistemafaepa.com.br\/faepa\/faepa-apoia-workshop-do-programa-promebull-para-e-i-circuito-de-palestras-sobre-a-pecuaria-bubalina-leiteira-familiar-do-estado-do-para\/","title":{"rendered":"Faepa apoia \u201cWorkshop do Programa Promebull Par\u00e1 e I Circuito de Palestras sobre a Pecu\u00e1ria Bubalina Leiteira Familiar do estado do Par\u00e1\u201d"},"content":{"rendered":"<p>Apresentar os avan\u00e7os proporcionados pelo Melhoramento Gen\u00e9tico da Pecu\u00e1ria Bubalina Leiteira Familiar do Estado do Par\u00e1 (Promebull Par\u00e1) \u00e9 o principal objetivo do \u201cWorkshop do Programa Promebull Par\u00e1 e I Circuito de Palestras sobre Pecu\u00e1ria Bubalina, Leiteira Familiar\u201d a ser realizado nos dias 26 e 28 de novembro e 6 de dezembro.<\/p>\n<p>A iniciativa da Embrapa Amaz\u00f4nia Oriental e apoio da Federa\u00e7\u00e3o da Agricultura e Pecu\u00e1ria do Par\u00e1, Secretaria de Estado de Desenvolvimento Agropecu\u00e1rio e da Pesca e Minist\u00e9rio da Agricultura, Pecu\u00e1ria e Abastecimento, tem como base as inova\u00e7\u00f5es relacionadas a biot\u00e9cnicas da Insemina\u00e7\u00e3o Artificial em Tempo Fixo (IATF) e da Fecunda\u00e7\u00e3o <em>in vitro<\/em> de embri\u00f5es, assim com outros mecanismos e estrat\u00e9gias de manejo para a produ\u00e7\u00e3o de leite, queijos artesanais, carne de qualidade, com sustentabilidade e seguran\u00e7a alimentar para o fortalecimento da cadeia produtiva.<\/p>\n<p>O primeiro dia do evento, 26\/11, ser\u00e1 no audit\u00f3rio da Federa\u00e7\u00e3o da Agricultura e Pecu\u00e1ria do Para (Faepa), das 8h as 12h. A programa\u00e7\u00e3o inclui apresenta\u00e7\u00e3o do Programa Promebull Par\u00e1: resultados, presta\u00e7\u00e3o de contas e perspectivas; M\u00e9todos e Inova\u00e7\u00f5es: \u201cSelo Arte\u201d do queijo artesanal; Termo de Conduta de adequa\u00e7\u00e3o das queijarias \u00e0 normatiza\u00e7\u00e3o; Linhas de Cr\u00e9dito para pecu\u00e1ria bubalina leiteira familiar do estado do Par\u00e1: Boas Pr\u00e1ticas de Manejo Animal &#8211; BPMA e Adequa\u00e7\u00e3o das Queijarias Artesanais do Estado do Par\u00e1.<\/p>\n<p>No dia 28\/11, o evento ocorrer\u00e1 no Sindicato Rural de Santar\u00e9m (Sirsan) e no dia 6\/12, na\u00a0 Cooperativa Agropecu\u00e1ria do Maraj\u00f3(Coompmaraj\u00f3), em Cachoeira do Arari.<\/p>\n","protected":false},"excerpt":{"rendered":"<p>Apresentar os avan\u00e7os proporcionados pelo Melhoramento Gen\u00e9tico da Pecu\u00e1ria Bubalina Leiteira Familiar do Estado do Par\u00e1 (Promebull Par\u00e1) \u00e9 o principal objetivo do \u201cWorkshop do Programa Promebull Par\u00e1 e I Circuito de Palestras sobre Pecu\u00e1ria Bubalina, Leiteira Familiar\u201d a ser realizado nos dias 26 e 28 de novembro e 6 de dezembro. A iniciativa da [&hellip;]<\/p>\n","protected":false},"author":1,"featured_media":1921,"comment_status":"open","ping_status":"open","sticky":false,"template":"","format":"standard","meta":{"_et_pb_use_builder":"","_et_pb_old_content":"","_et_gb_content_width":"","footnotes":""},"categories":[1],"tags":[],"class_list":["post-1920","post","type-post","status-publish","format-standard","has-post-thumbnail","hentry","category-sem-categoria"],"_links":{"self":[{"href":"https:\/\/sistemafaepa.com.br\/faepa\/wp-json\/wp\/v2\/posts\/1920","targetHints":{"allow":["GET"]}}],"collection":[{"href":"https:\/\/sistemafaepa.com.br\/faepa\/wp-json\/wp\/v2\/posts"}],"about":[{"href":"https:\/\/sistemafaepa.com.br\/faepa\/wp-json\/wp\/v2\/types\/post"}],"author":[{"embeddable":true,"href":"https:\/\/sistemafaepa.com.br\/faepa\/wp-json\/wp\/v2\/users\/1"}],"replies":[{"embeddable":true,"href":"https:\/\/sistemafaepa.com.br\/faepa\/wp-json\/wp\/v2\/comments?post=1920"}],"version-history":[{"count":0,"href":"https:\/\/sistemafaepa.com.br\/faepa\/wp-json\/wp\/v2\/posts\/1920\/revisions"}],"wp:featuredmedia":[{"embeddable":true,"href":"https:\/\/sistemafaepa.com.br\/faepa\/wp-json\/"}],"wp:attachment":[{"href":"https:\/\/sistemafaepa.com.br\/faepa\/wp-json\/wp\/v2\/media?parent=1920"}],"wp:term":[{"taxonomy":"category","embeddable":true,"href":"https:\/\/sistemafaepa.com.br\/faepa\/wp-json\/wp\/v2\/categories?post=1920"},{"taxonomy":"post_tag","embeddable":true,"href":"https:\/\/sistemafaepa.com.br\/faepa\/wp-json\/wp\/v2\/tags?post=1920"}],"curies":[{"name":"wp","href":"https:\/\/api.w.org\/{rel}","templated":true}]}}