{"id":1918,"date":"2019-11-08T15:01:32","date_gmt":"2019-11-08T18:01:32","guid":{"rendered":"http:\/\/sistemafaepa.com.br\/faepa\/faepa-e-parceiros-promovem-palestra-sobre-as-mudancas-climaticas\/"},"modified":"2019-11-08T15:01:32","modified_gmt":"2019-11-08T18:01:32","slug":"faepa-e-parceiros-promovem-palestra-sobre-as-mudancas-climaticas","status":"publish","type":"post","link":"https:\/\/sistemafaepa.com.br\/faepa\/faepa-e-parceiros-promovem-palestra-sobre-as-mudancas-climaticas\/","title":{"rendered":"Faepa e parceiros promovem palestra sobre as mudan\u00e7as clim\u00e1ticas"},"content":{"rendered":"<p>Com o foco no tema: \u201cMudan\u00e7as Clim\u00e1ticas &#8211; Mito ou Realidade\u201d, a Federa\u00e7\u00e3o da Agricultura e Pecu\u00e1ria do Para (Faepa) em parceria com a Federa\u00e7\u00e3o das Ind\u00fastrias do Estado do Par\u00e1 (Fiepa), a Associa\u00e7\u00e3o Comercial do Par\u00e1 (ACP), \u00a0a Associa\u00e7\u00e3o dos Dirigentes de Vendas e Marketing do Brasil (ADVB-PA), o Centro das Ind\u00fastrias do Par\u00e1 (CIP), o Conselho Tem\u00e1tico da Infraestrutura da Fiepa (COINFRA) e o Instituto Nacional de Meteorologia (INMET) \u2013 2\u00ba Distrito de Meteorologia de Bel\u00e9m, promovem na quinta-feira, 14\/11, 8h, no audit\u00f3rio da Fiepa, uma reuni\u00e3o de trabalho.<\/p>\n<p>Na abertura as institui\u00e7\u00f5es far\u00e3o as apresenta\u00e7\u00f5es iniciais do evento, e, em seguida ocorrer\u00e1 a apresenta\u00e7\u00e3o do professor doutor Lu\u00eds Erc\u00edlio Faria J\u00fanior. Na sequ\u00eancia o professor doutor Luiz Carlos Baldicero Molion far\u00e1 a palestra sobre o referido tema do encontro. Logo ap\u00f3s haver\u00e1 debates e provoca\u00e7\u00e3o sobre a Campanha: Amaz\u00f4nia 5G.<\/p>\n","protected":false},"excerpt":{"rendered":"<p>Com o foco no tema: \u201cMudan\u00e7as Clim\u00e1ticas &#8211; Mito ou Realidade\u201d, a Federa\u00e7\u00e3o da Agricultura e Pecu\u00e1ria do Para (Faepa) em parceria com a Federa\u00e7\u00e3o das Ind\u00fastrias do Estado do Par\u00e1 (Fiepa), a Associa\u00e7\u00e3o Comercial do Par\u00e1 (ACP), \u00a0a Associa\u00e7\u00e3o dos Dirigentes de Vendas e Marketing do Brasil (ADVB-PA), o Centro das Ind\u00fastrias do Par\u00e1 [&hellip;]<\/p>\n","protected":false},"author":1,"featured_media":0,"comment_status":"open","ping_status":"open","sticky":false,"template":"","format":"standard","meta":{"_et_pb_use_builder":"","_et_pb_old_content":"","_et_gb_content_width":"","footnotes":""},"categories":[1],"tags":[],"class_list":["post-1918","post","type-post","status-publish","format-standard","hentry","category-sem-categoria"],"_links":{"self":[{"href":"https:\/\/sistemafaepa.com.br\/faepa\/wp-json\/wp\/v2\/posts\/1918","targetHints":{"allow":["GET"]}}],"collection":[{"href":"https:\/\/sistemafaepa.com.br\/faepa\/wp-json\/wp\/v2\/posts"}],"about":[{"href":"https:\/\/sistemafaepa.com.br\/faepa\/wp-json\/wp\/v2\/types\/post"}],"author":[{"embeddable":true,"href":"https:\/\/sistemafaepa.com.br\/faepa\/wp-json\/wp\/v2\/users\/1"}],"replies":[{"embeddable":true,"href":"https:\/\/sistemafaepa.com.br\/faepa\/wp-json\/wp\/v2\/comments?post=1918"}],"version-history":[{"count":0,"href":"https:\/\/sistemafaepa.com.br\/faepa\/wp-json\/wp\/v2\/posts\/1918\/revisions"}],"wp:attachment":[{"href":"https:\/\/sistemafaepa.com.br\/faepa\/wp-json\/wp\/v2\/media?parent=1918"}],"wp:term":[{"taxonomy":"category","embeddable":true,"href":"https:\/\/sistemafaepa.com.br\/faepa\/wp-json\/wp\/v2\/categories?post=1918"},{"taxonomy":"post_tag","embeddable":true,"href":"https:\/\/sistemafaepa.com.br\/faepa\/wp-json\/wp\/v2\/tags?post=1918"}],"curies":[{"name":"wp","href":"https:\/\/api.w.org\/{rel}","templated":true}]}}