{"id":1915,"date":"2019-11-07T18:29:11","date_gmt":"2019-11-07T21:29:11","guid":{"rendered":"http:\/\/sistemafaepa.com.br\/faepa\/presidencia-da-republica-acusou-recebimento-de-carta-da-faepa-sobre-a-sancao-do-decreto-no-10-084-de-5-de-novembro-de-2019\/"},"modified":"2019-11-07T18:29:11","modified_gmt":"2019-11-07T21:29:11","slug":"presidencia-da-republica-acusou-recebimento-de-carta-da-faepa-sobre-a-sancao-do-decreto-no-10-084-de-5-de-novembro-de-2019","status":"publish","type":"post","link":"https:\/\/sistemafaepa.com.br\/faepa\/presidencia-da-republica-acusou-recebimento-de-carta-da-faepa-sobre-a-sancao-do-decreto-no-10-084-de-5-de-novembro-de-2019\/","title":{"rendered":"Presid\u00eancia da Rep\u00fablica acusou recebimento de carta da Faepa sobre a san\u00e7\u00e3o do Decreto n\u00ba 10.084, de 5 de novembro de 2019"},"content":{"rendered":"<p class=\"gmail-Standard\">Nesta quinta-feira (7.11) o presidente da Federa\u00e7\u00e3o da Agricultura e Pecu\u00e1ria do Par\u00e1 (Faepa), Carlos Fernandes Xavier, recebeu uma resposta remetida pelo Gabinete Pessoal do Presidente da Rep\u00fablica confirmando recebimento da carta n\u00ba 246\/2019, enviada em 6 de novembro de 2019.<\/p>\n<p class=\"gmail-Standard\">Na carta, o presidente da Faepa manifesta o contentamento do agroneg\u00f3cio paraense pela san\u00e7\u00e3o do Decreto n\u00ba 10.084, de 05\/11\/2019, que revoga o Decreto n\u00ba 6.961, de 17\/09\/2009, que proibia a cultura da cana-de-a\u00e7\u00facar na Amaz\u00f4nia, \u201ccontrariando tecnicamente decis\u00e3o da ci\u00eancia, sobretudo estudo realizado pela ESALQ, refer\u00eancia mundial em agronomia\u201d, mencionava o documento.<\/p>\n<p class=\"gmail-Standard\">Carlos Xavier parabenizou ainda o presidente da Rep\u00fablica, Jair Messias Bolsonaro, pela conduta ilibada e, na oportunidade, externou os parab\u00e9ns pela decisiva atitude a Ministra do MAPA , Tereza Cristina.<\/p>\n","protected":false},"excerpt":{"rendered":"<p>Nesta quinta-feira (7.11) o presidente da Federa\u00e7\u00e3o da Agricultura e Pecu\u00e1ria do Par\u00e1 (Faepa), Carlos Fernandes Xavier, recebeu uma resposta remetida pelo Gabinete Pessoal do Presidente da Rep\u00fablica confirmando recebimento da carta n\u00ba 246\/2019, enviada em 6 de novembro de 2019. Na carta, o presidente da Faepa manifesta o contentamento do agroneg\u00f3cio paraense pela san\u00e7\u00e3o [&hellip;]<\/p>\n","protected":false},"author":1,"featured_media":0,"comment_status":"open","ping_status":"open","sticky":false,"template":"","format":"standard","meta":{"_et_pb_use_builder":"","_et_pb_old_content":"","_et_gb_content_width":"","footnotes":""},"categories":[1],"tags":[],"class_list":["post-1915","post","type-post","status-publish","format-standard","hentry","category-sem-categoria"],"_links":{"self":[{"href":"https:\/\/sistemafaepa.com.br\/faepa\/wp-json\/wp\/v2\/posts\/1915","targetHints":{"allow":["GET"]}}],"collection":[{"href":"https:\/\/sistemafaepa.com.br\/faepa\/wp-json\/wp\/v2\/posts"}],"about":[{"href":"https:\/\/sistemafaepa.com.br\/faepa\/wp-json\/wp\/v2\/types\/post"}],"author":[{"embeddable":true,"href":"https:\/\/sistemafaepa.com.br\/faepa\/wp-json\/wp\/v2\/users\/1"}],"replies":[{"embeddable":true,"href":"https:\/\/sistemafaepa.com.br\/faepa\/wp-json\/wp\/v2\/comments?post=1915"}],"version-history":[{"count":0,"href":"https:\/\/sistemafaepa.com.br\/faepa\/wp-json\/wp\/v2\/posts\/1915\/revisions"}],"wp:attachment":[{"href":"https:\/\/sistemafaepa.com.br\/faepa\/wp-json\/wp\/v2\/media?parent=1915"}],"wp:term":[{"taxonomy":"category","embeddable":true,"href":"https:\/\/sistemafaepa.com.br\/faepa\/wp-json\/wp\/v2\/categories?post=1915"},{"taxonomy":"post_tag","embeddable":true,"href":"https:\/\/sistemafaepa.com.br\/faepa\/wp-json\/wp\/v2\/tags?post=1915"}],"curies":[{"name":"wp","href":"https:\/\/api.w.org\/{rel}","templated":true}]}}