{"id":1738,"date":"2019-09-02T17:32:46","date_gmt":"2019-09-02T20:32:46","guid":{"rendered":"http:\/\/sistemafaepa.com.br\/faepa\/2019\/09\/02\/presidente-do-grupo-bayer-brasil-visita-o-sistema-faepa-senar\/"},"modified":"2019-09-02T17:32:46","modified_gmt":"2019-09-02T20:32:46","slug":"presidente-do-grupo-bayer-brasil-visita-o-sistema-faepa-senar","status":"publish","type":"post","link":"https:\/\/sistemafaepa.com.br\/faepa\/presidente-do-grupo-bayer-brasil-visita-o-sistema-faepa-senar\/","title":{"rendered":"Presidente do Grupo Bayer Brasil visita o Sistema Faepa\/Senar"},"content":{"rendered":"<p>O presidente da Faepa, Carlos Xavier, recebeu nesta segunda-feira (2) a visita do presidente do Grupo Bayer Brasil, Marc Reichardt, que esteve acompanhado da gestora de Comunica\u00e7\u00e3o Corporativa da empresa, Larissa Battistini e do diretor de Assuntos P\u00fablicos e Sustentabilidade, Jaime Oliveira.<\/p>\n<p>O encontro possibilitou a troca de percep\u00e7\u00f5es sobre o cen\u00e1rio atual e os desafios da sustentabilidade da Agricultura no estado do Par\u00e1<\/p>\n","protected":false},"excerpt":{"rendered":"<p>O presidente da Faepa, Carlos Xavier, recebeu nesta segunda-feira (2) a visita do presidente do Grupo Bayer Brasil, Marc Reichardt, que esteve acompanhado da gestora de Comunica\u00e7\u00e3o Corporativa da empresa, Larissa Battistini e do diretor de Assuntos P\u00fablicos e Sustentabilidade, Jaime Oliveira. O encontro possibilitou a troca de percep\u00e7\u00f5es sobre o cen\u00e1rio atual e os [&hellip;]<\/p>\n","protected":false},"author":1,"featured_media":1739,"comment_status":"open","ping_status":"open","sticky":false,"template":"","format":"standard","meta":{"_et_pb_use_builder":"","_et_pb_old_content":"","_et_gb_content_width":"","footnotes":""},"categories":[1],"tags":[],"class_list":["post-1738","post","type-post","status-publish","format-standard","has-post-thumbnail","hentry","category-sem-categoria"],"_links":{"self":[{"href":"https:\/\/sistemafaepa.com.br\/faepa\/wp-json\/wp\/v2\/posts\/1738","targetHints":{"allow":["GET"]}}],"collection":[{"href":"https:\/\/sistemafaepa.com.br\/faepa\/wp-json\/wp\/v2\/posts"}],"about":[{"href":"https:\/\/sistemafaepa.com.br\/faepa\/wp-json\/wp\/v2\/types\/post"}],"author":[{"embeddable":true,"href":"https:\/\/sistemafaepa.com.br\/faepa\/wp-json\/wp\/v2\/users\/1"}],"replies":[{"embeddable":true,"href":"https:\/\/sistemafaepa.com.br\/faepa\/wp-json\/wp\/v2\/comments?post=1738"}],"version-history":[{"count":0,"href":"https:\/\/sistemafaepa.com.br\/faepa\/wp-json\/wp\/v2\/posts\/1738\/revisions"}],"wp:featuredmedia":[{"embeddable":true,"href":"https:\/\/sistemafaepa.com.br\/faepa\/wp-json\/"}],"wp:attachment":[{"href":"https:\/\/sistemafaepa.com.br\/faepa\/wp-json\/wp\/v2\/media?parent=1738"}],"wp:term":[{"taxonomy":"category","embeddable":true,"href":"https:\/\/sistemafaepa.com.br\/faepa\/wp-json\/wp\/v2\/categories?post=1738"},{"taxonomy":"post_tag","embeddable":true,"href":"https:\/\/sistemafaepa.com.br\/faepa\/wp-json\/wp\/v2\/tags?post=1738"}],"curies":[{"name":"wp","href":"https:\/\/api.w.org\/{rel}","templated":true}]}}