{"id":1734,"date":"2019-09-02T16:15:20","date_gmt":"2019-09-02T19:15:20","guid":{"rendered":"http:\/\/sistemafaepa.com.br\/faepa\/2019\/09\/02\/sindicato-dos-produtores-rurais-de-santa-barbara-do-para-empossa-diretoria-e-inaugura-sede-propria-neste-sabado-4\/"},"modified":"2019-09-02T16:15:20","modified_gmt":"2019-09-02T19:15:20","slug":"sindicato-dos-produtores-rurais-de-santa-barbara-do-para-empossa-diretoria-e-inaugura-sede-propria-neste-sabado-4","status":"publish","type":"post","link":"https:\/\/sistemafaepa.com.br\/faepa\/sindicato-dos-produtores-rurais-de-santa-barbara-do-para-empossa-diretoria-e-inaugura-sede-propria-neste-sabado-4\/","title":{"rendered":"Sindicato dos Produtores Rurais de Santa B\u00e1rbara do Par\u00e1 empossa diretoria e inaugura sede pr\u00f3pria"},"content":{"rendered":"<p>A Federa\u00e7\u00e3o da Agricultura e Pecu\u00e1ria do Par\u00e1 (Faepa) e o Servi\u00e7o Nacional de Aprendizagem Rural (Senar) em parceria com a Prefeitura Municipal de Santa B\u00e1rbara do Par\u00e1 realizaram na manh\u00e3 de s\u00e1bado, 31, a inaugura\u00e7\u00e3o da sede pr\u00f3pria e a posse da nova diretoria do Sindicato dos Produtores Rurais de Santa B\u00e1rbara do Par\u00e1, que \u00e9 tamb\u00e9m um dos polos presenciais da Rede e-Tec Brasil Senar no estado do Par\u00e1.<\/p>\n<p>Durante o evento, ocorreu a assinatura de conv\u00eanios entre Faepa\/Senar e Sedap e na sequencia entre Faepa\/Senar e Incra.\u00a0Os convidados foram apresentados ao projeto Escola-Ind\u00fastria de Chocolate do Senar e tamb\u00e9m visitaram uma exposi\u00e7\u00e3o de produtos como cacau, mel, a\u00e7a\u00ed e mandioca, al\u00e9m de outros das Cooperativas COMAAIP, COPERBARBARA e COOTRASD. O evento encerrou com a demonstra\u00e7\u00e3o das t\u00e9cnicas da Empresa Brasileira de Pesquisa Agropecu\u00e1ria (EMBRAPA) relacionados a apicultura.<\/p>\n<p><strong>Homenagens &#8211;<\/strong> Na ocasi\u00e3o foi inaugurado o Espa\u00e7o \u201cAnt\u00f4nio Francisco de Ara\u00fajo\u201d, bem como, foram homenageados com o &#8220;Certificado de Gratid\u00e3o&#8221; os ex-presidentes do Sindicato, Gabriel Sousa Silva e Celso Paulo Mescouto, pelos relevantes servi\u00e7os prestados \u00e0 frente do Sindicato Rurais de Santa Barbar\u00e1 do Par\u00e1 e que ajudaram no crescimento e na transforma\u00e7\u00e3o do que \u00e9 hoje, a nova sede da institui\u00e7\u00e3o e Polo Presencial da Rede e-Tec Brasil Senar no estado do Par\u00e1.<\/p>\n<p>Dentre as autoridades presentes estavam os anfitri\u00f5es Carlos Xavier (presidente da Faepa), Walter Cardoso (superintendente do Senar) e ainda: Lu\u00eds Pinto (Superintendente Federal de Agricultura &#8211; SFA\/MAPA),\u00a0 Neil Duarte (superintendente regional do Incra no Par\u00e1), Maria Goretti (superintendente da Comiss\u00e3o Executiva do Plano da Lavoura Cacaueira &#8211; Ceplac), Marcel Botelho (Reitor da Ufra), Hugo Yutaka Suenaga (Secret\u00e1rio Estadual de Desenvolvimento Agropecu\u00e1rio e da Pesca) e\u00a0 Jos\u00e9 Raimundo Abreu de Sousa (Instituto Nacional de Meteorologia\/2\u00ba Distrito de Meteorologia).<\/p>\n<p>A Sede do Sindicato localiza-se na Rodovia Augusto Meira Filho, KM 14.<\/p>\n","protected":false},"excerpt":{"rendered":"<p>A Federa\u00e7\u00e3o da Agricultura e Pecu\u00e1ria do Par\u00e1 (Faepa) e o Servi\u00e7o Nacional de Aprendizagem Rural (Senar) em parceria com a Prefeitura Municipal de Santa B\u00e1rbara do Par\u00e1 realizaram na manh\u00e3 de s\u00e1bado, 31, a inaugura\u00e7\u00e3o da sede pr\u00f3pria e a posse da nova diretoria do Sindicato dos Produtores Rurais de Santa B\u00e1rbara do Par\u00e1, [&hellip;]<\/p>\n","protected":false},"author":1,"featured_media":1735,"comment_status":"open","ping_status":"open","sticky":false,"template":"","format":"standard","meta":{"_et_pb_use_builder":"","_et_pb_old_content":"","_et_gb_content_width":"","footnotes":""},"categories":[1],"tags":[],"class_list":["post-1734","post","type-post","status-publish","format-standard","has-post-thumbnail","hentry","category-sem-categoria"],"_links":{"self":[{"href":"https:\/\/sistemafaepa.com.br\/faepa\/wp-json\/wp\/v2\/posts\/1734","targetHints":{"allow":["GET"]}}],"collection":[{"href":"https:\/\/sistemafaepa.com.br\/faepa\/wp-json\/wp\/v2\/posts"}],"about":[{"href":"https:\/\/sistemafaepa.com.br\/faepa\/wp-json\/wp\/v2\/types\/post"}],"author":[{"embeddable":true,"href":"https:\/\/sistemafaepa.com.br\/faepa\/wp-json\/wp\/v2\/users\/1"}],"replies":[{"embeddable":true,"href":"https:\/\/sistemafaepa.com.br\/faepa\/wp-json\/wp\/v2\/comments?post=1734"}],"version-history":[{"count":0,"href":"https:\/\/sistemafaepa.com.br\/faepa\/wp-json\/wp\/v2\/posts\/1734\/revisions"}],"wp:featuredmedia":[{"embeddable":true,"href":"https:\/\/sistemafaepa.com.br\/faepa\/wp-json\/"}],"wp:attachment":[{"href":"https:\/\/sistemafaepa.com.br\/faepa\/wp-json\/wp\/v2\/media?parent=1734"}],"wp:term":[{"taxonomy":"category","embeddable":true,"href":"https:\/\/sistemafaepa.com.br\/faepa\/wp-json\/wp\/v2\/categories?post=1734"},{"taxonomy":"post_tag","embeddable":true,"href":"https:\/\/sistemafaepa.com.br\/faepa\/wp-json\/wp\/v2\/tags?post=1734"}],"curies":[{"name":"wp","href":"https:\/\/api.w.org\/{rel}","templated":true}]}}