{"id":1728,"date":"2019-08-30T17:33:32","date_gmt":"2019-08-30T20:33:32","guid":{"rendered":"http:\/\/sistemafaepa.com.br\/faepa\/2019\/08\/30\/sindicato-dos-produtores-rurais-de-santa-barbara-do-para-empossa-diretoria-e-inaugura-sede-propria-neste-sabado\/"},"modified":"2019-08-30T17:33:32","modified_gmt":"2019-08-30T20:33:32","slug":"sindicato-dos-produtores-rurais-de-santa-barbara-do-para-empossa-diretoria-e-inaugura-sede-propria-neste-sabado","status":"publish","type":"post","link":"https:\/\/sistemafaepa.com.br\/faepa\/sindicato-dos-produtores-rurais-de-santa-barbara-do-para-empossa-diretoria-e-inaugura-sede-propria-neste-sabado\/","title":{"rendered":"Sindicato dos Produtores Rurais de Santa B\u00e1rbara do Par\u00e1 empossa diretoria e inaugura sede pr\u00f3pria neste s\u00e1bado"},"content":{"rendered":"<p>A Federa\u00e7\u00e3o da Agricultura e Pecu\u00e1ria do Par\u00e1 (Faepa) e o Servi\u00e7o Nacional de Aprendizagem Rural (Senar) em parceria com a Prefeitura Municipal de Santa B\u00e1rbara do Par\u00e1 realizam neste s\u00e1bado, 31, a partir das 9h, a inaugura\u00e7\u00e3o da sede pr\u00f3pria e a posse da diretoria do Sindicato dos Produtores Rurais de Santa B\u00e1rbara do Par\u00e1, que \u00e9 tamb\u00e9m um dos polos presenciais da Rede e-Tec Brasil Senar no estado do Par\u00e1.<\/p>\n<p>Haver\u00e1 extensa programa\u00e7\u00e3o com a presen\u00e7a de autoridades e convidados. Ap\u00f3s a posse, haver\u00e1 a assinatura de conv\u00eanios entre Faepa\/Senar e Sedap e na sequencia entre Faepa\/Senar e Incra. Est\u00e1 prevista tamb\u00e9m a inaugura\u00e7\u00e3o do Espa\u00e7o \u201cAnt\u00f4nio Francisco de Ara\u00fajo\u201d, bem como, homenagens.<\/p>\n<p>Os participantes do evento ser\u00e3o apresentados ao projeto Escola-Ind\u00fastria de Chocolate do Senar e tamb\u00e9m ter\u00e3o acesso a uma exposi\u00e7\u00e3o de produtos como cacau, mel, a\u00e7a\u00ed e mandioca, al\u00e9m de outros das Cooperativas COMAAIP, COPERBARBARA e COOTRASD. O evento encerrar\u00e1 com a demonstra\u00e7\u00e3o das t\u00e9cnicas da Empresa Brasileira de Pesquisa Agropecu\u00e1ria (EMBRAPA) relacionados a apicultura.<\/p>\n<p>A Sede do Sindicato fica na Rodovia Augusto Meira Filho, KM 14.<\/p>\n","protected":false},"excerpt":{"rendered":"<p>A Federa\u00e7\u00e3o da Agricultura e Pecu\u00e1ria do Par\u00e1 (Faepa) e o Servi\u00e7o Nacional de Aprendizagem Rural (Senar) em parceria com a Prefeitura Municipal de Santa B\u00e1rbara do Par\u00e1 realizam neste s\u00e1bado, 31, a partir das 9h, a inaugura\u00e7\u00e3o da sede pr\u00f3pria e a posse da diretoria do Sindicato dos Produtores Rurais de Santa B\u00e1rbara do [&hellip;]<\/p>\n","protected":false},"author":1,"featured_media":1729,"comment_status":"open","ping_status":"open","sticky":false,"template":"","format":"standard","meta":{"_et_pb_use_builder":"","_et_pb_old_content":"","_et_gb_content_width":"","footnotes":""},"categories":[1],"tags":[],"class_list":["post-1728","post","type-post","status-publish","format-standard","has-post-thumbnail","hentry","category-sem-categoria"],"_links":{"self":[{"href":"https:\/\/sistemafaepa.com.br\/faepa\/wp-json\/wp\/v2\/posts\/1728","targetHints":{"allow":["GET"]}}],"collection":[{"href":"https:\/\/sistemafaepa.com.br\/faepa\/wp-json\/wp\/v2\/posts"}],"about":[{"href":"https:\/\/sistemafaepa.com.br\/faepa\/wp-json\/wp\/v2\/types\/post"}],"author":[{"embeddable":true,"href":"https:\/\/sistemafaepa.com.br\/faepa\/wp-json\/wp\/v2\/users\/1"}],"replies":[{"embeddable":true,"href":"https:\/\/sistemafaepa.com.br\/faepa\/wp-json\/wp\/v2\/comments?post=1728"}],"version-history":[{"count":0,"href":"https:\/\/sistemafaepa.com.br\/faepa\/wp-json\/wp\/v2\/posts\/1728\/revisions"}],"wp:featuredmedia":[{"embeddable":true,"href":"https:\/\/sistemafaepa.com.br\/faepa\/wp-json\/"}],"wp:attachment":[{"href":"https:\/\/sistemafaepa.com.br\/faepa\/wp-json\/wp\/v2\/media?parent=1728"}],"wp:term":[{"taxonomy":"category","embeddable":true,"href":"https:\/\/sistemafaepa.com.br\/faepa\/wp-json\/wp\/v2\/categories?post=1728"},{"taxonomy":"post_tag","embeddable":true,"href":"https:\/\/sistemafaepa.com.br\/faepa\/wp-json\/wp\/v2\/tags?post=1728"}],"curies":[{"name":"wp","href":"https:\/\/api.w.org\/{rel}","templated":true}]}}