{"id":1727,"date":"2019-08-29T15:46:50","date_gmt":"2019-08-29T18:46:50","guid":{"rendered":"http:\/\/sistemafaepa.com.br\/faepa\/2019\/08\/29\/sistema-faepa-senar-e-sinpriz-realizam-solenidade-de-formatura-da-5o-turma-do-curso-tecnico-em-agronegocio-do-polo-presencial-em-santa-izabel-do-para-4\/"},"modified":"2019-08-29T15:46:50","modified_gmt":"2019-08-29T18:46:50","slug":"sistema-faepa-senar-e-sinpriz-realizam-solenidade-de-formatura-da-5o-turma-do-curso-tecnico-em-agronegocio-do-polo-presencial-em-santa-izabel-do-para-4","status":"publish","type":"post","link":"https:\/\/sistemafaepa.com.br\/faepa\/sistema-faepa-senar-e-sinpriz-realizam-solenidade-de-formatura-da-5o-turma-do-curso-tecnico-em-agronegocio-do-polo-presencial-em-santa-izabel-do-para-4\/","title":{"rendered":"Sistema Faepa\/Senar e Sinpriz realizam formatura da quinta turma do Curso T\u00e9cnico em Agroneg\u00f3cio do Polo Presencial de Santa Izabel do Par\u00e1"},"content":{"rendered":"<p>Nesta sexta-feira, 30 de agosto, o Sistema Faepa\/Senar e o Sindicato dos Produtores Rurais de Santa Izabel do Par\u00e1 e Santo Ant\u00f4nio do Tau\u00e1 realizam \u00e0s 9h, na sede do Sinpriz, a cerim\u00f4nia de cola\u00e7\u00e3o de grau de 17 alunos da\u00a0 turma &#8220;Eduardo Cavalcante&#8221; do Curso T\u00e9cnico em Agroneg\u00f3cio, primeiro curso t\u00e9cnico de n\u00edvel m\u00e9dio na modalidade \u00e0 dist\u00e2ncia oferecido pelo Senar atrav\u00e9s do Polo Presencial de Santa Izabel do Par\u00e1, pioneiro no Estado.<\/p>\n<p>Com dura\u00e7\u00e3o de dois anos, o principal objetivo do curso desenvolvido pelo Senar em parceria com a Rede e-Tec Brasil, programa do Minist\u00e9rio da Educa\u00e7\u00e3o (MEC), \u00e9 formar e qualificar profissionais para a aplica\u00e7\u00e3o dos procedimentos de gest\u00e3o e comercializa\u00e7\u00e3o do agroneg\u00f3cio, com \u00eanfase na variedade de segmentos e cadeias produtivas do Brasil.<\/p>\n<p><strong>Perfil &#8211;<\/strong> O T\u00e9cnico em Agroneg\u00f3cio formado pelo Senar \u00e9 um profissional especializado na execu\u00e7\u00e3o de procedimentos de gest\u00e3o do agroneg\u00f3cio, que planeja e auxilia na organiza\u00e7\u00e3o e controle das atividades de gest\u00e3o do agroneg\u00f3cio. Sua atua\u00e7\u00e3o n\u00e3o se limita aos processos internos de uma propriedade, podendo trabalhar em empresas comerciais, estabelecimentos agroindustriais, servi\u00e7os de assist\u00eancia t\u00e9cnica, extens\u00e3o rural e pesquisa. Al\u00e9m disso, \u00e9 um profissional consciente de seu valor e import\u00e2ncia para a sociedade brasileira.\u00a0O T\u00e9cnico em Agroneg\u00f3cio cumprir\u00e1 seu importante papel de agente de transforma\u00e7\u00e3o, na medida em que atuar\u00e1 como parceiro do produtor rural, por meio de t\u00e9cnicas inovadoras e sustent\u00e1veis, na conquista da produtividade e lucratividade, com vis\u00e3o empreendedora para a melhoria da qualidade de vida do meio rural.<\/p>\n<p><strong>Mercado de Trabalho &#8211;<\/strong> A grande vantagem para quem segue o caminho do curso t\u00e9cnico \u00e9 chegar mais cedo ao mercado de trabalho. No caso do curso T\u00e9cnico em Agroneg\u00f3cio entra num mercado que n\u00e3o para de crescer e que, atualmente, \u00e9 o carro-chefe da economia brasileira.\u00a0O mercado, principalmente no meio rural, est\u00e1 totalmente aberto a novos profissionais com conhecimento t\u00e9cnico, um perfil valorizado e ainda em falta no pa\u00eds. O t\u00e9cnico rec\u00e9m-formado poder\u00e1 trabalhar tanto em propriedades rurais, ind\u00fastrias, federa\u00e7\u00f5es e associa\u00e7\u00f5es, como em empresas de pesquisa e fomento.<\/p>\n<p><strong>Oportunidade &#8211; <\/strong>O curso t\u00e9cnico em Agroneg\u00f3cio vem h\u00e1 quatro anos formando t\u00e9cnicos qualificados para o mercado de trabalho paraense. Ao todo, j\u00e1 foram formados 370 t\u00e9cnicos em agroneg\u00f3cio no estado do Par\u00e1 e aproximadamente 400 est\u00e3o em fase de conclus\u00e3o.<\/p>\n<p>&nbsp;<\/p>\n","protected":false},"excerpt":{"rendered":"<p>Nesta sexta-feira, 30 de agosto, o Sistema Faepa\/Senar e o Sindicato dos Produtores Rurais de Santa Izabel do Par\u00e1 e Santo Ant\u00f4nio do Tau\u00e1 realizam \u00e0s 9h, na sede do Sinpriz, a cerim\u00f4nia de cola\u00e7\u00e3o de grau de 17 alunos da\u00a0 turma &#8220;Eduardo Cavalcante&#8221; do Curso T\u00e9cnico em Agroneg\u00f3cio, primeiro curso t\u00e9cnico de n\u00edvel m\u00e9dio [&hellip;]<\/p>\n","protected":false},"author":1,"featured_media":1725,"comment_status":"open","ping_status":"open","sticky":false,"template":"","format":"standard","meta":{"_et_pb_use_builder":"","_et_pb_old_content":"","_et_gb_content_width":"","footnotes":""},"categories":[1],"tags":[],"class_list":["post-1727","post","type-post","status-publish","format-standard","has-post-thumbnail","hentry","category-sem-categoria"],"_links":{"self":[{"href":"https:\/\/sistemafaepa.com.br\/faepa\/wp-json\/wp\/v2\/posts\/1727","targetHints":{"allow":["GET"]}}],"collection":[{"href":"https:\/\/sistemafaepa.com.br\/faepa\/wp-json\/wp\/v2\/posts"}],"about":[{"href":"https:\/\/sistemafaepa.com.br\/faepa\/wp-json\/wp\/v2\/types\/post"}],"author":[{"embeddable":true,"href":"https:\/\/sistemafaepa.com.br\/faepa\/wp-json\/wp\/v2\/users\/1"}],"replies":[{"embeddable":true,"href":"https:\/\/sistemafaepa.com.br\/faepa\/wp-json\/wp\/v2\/comments?post=1727"}],"version-history":[{"count":0,"href":"https:\/\/sistemafaepa.com.br\/faepa\/wp-json\/wp\/v2\/posts\/1727\/revisions"}],"wp:featuredmedia":[{"embeddable":true,"href":"https:\/\/sistemafaepa.com.br\/faepa\/wp-json\/"}],"wp:attachment":[{"href":"https:\/\/sistemafaepa.com.br\/faepa\/wp-json\/wp\/v2\/media?parent=1727"}],"wp:term":[{"taxonomy":"category","embeddable":true,"href":"https:\/\/sistemafaepa.com.br\/faepa\/wp-json\/wp\/v2\/categories?post=1727"},{"taxonomy":"post_tag","embeddable":true,"href":"https:\/\/sistemafaepa.com.br\/faepa\/wp-json\/wp\/v2\/tags?post=1727"}],"curies":[{"name":"wp","href":"https:\/\/api.w.org\/{rel}","templated":true}]}}