{"id":1722,"date":"2019-08-28T18:58:14","date_gmt":"2019-08-28T21:58:14","guid":{"rendered":"http:\/\/sistemafaepa.com.br\/faepa\/2019\/08\/28\/faepa-incra-e-ceplac-definem-acoes-em-conjunto\/"},"modified":"2019-08-28T18:58:14","modified_gmt":"2019-08-28T21:58:14","slug":"faepa-incra-e-ceplac-definem-acoes-em-conjunto","status":"publish","type":"post","link":"https:\/\/sistemafaepa.com.br\/faepa\/faepa-incra-e-ceplac-definem-acoes-em-conjunto\/","title":{"rendered":"Faepa, Incra e Ceplac definem a\u00e7\u00f5es em conjunto"},"content":{"rendered":"<p>Tra\u00e7ar a\u00e7\u00f5es em conjunto foi o principal objetivo do encontro entre o presidente da Federa\u00e7\u00e3o da Agricultura e Pecu\u00e1ria do Par\u00e1 (Faepa), Carlos Xavier, e os superintendentes\u00a0 do Instituto Nacional de Coloniza\u00e7\u00e3o e Reforma Agr\u00e1ria (Incra), Coronel Neil Duarte,\u00a0 e da Comiss\u00e3o Executiva do Plano da Lavoura Cacaueira (CEPLAC), Maria Goretti, ocorrido nesta quarta-feira, 28, na sede da Faepa.<\/p>\n","protected":false},"excerpt":{"rendered":"<p>Tra\u00e7ar a\u00e7\u00f5es em conjunto foi o principal objetivo do encontro entre o presidente da Federa\u00e7\u00e3o da Agricultura e Pecu\u00e1ria do Par\u00e1 (Faepa), Carlos Xavier, e os superintendentes\u00a0 do Instituto Nacional de Coloniza\u00e7\u00e3o e Reforma Agr\u00e1ria (Incra), Coronel Neil Duarte,\u00a0 e da Comiss\u00e3o Executiva do Plano da Lavoura Cacaueira (CEPLAC), Maria Goretti, ocorrido nesta quarta-feira, 28, [&hellip;]<\/p>\n","protected":false},"author":1,"featured_media":1723,"comment_status":"open","ping_status":"open","sticky":false,"template":"","format":"standard","meta":{"_et_pb_use_builder":"","_et_pb_old_content":"","_et_gb_content_width":"","footnotes":""},"categories":[1],"tags":[],"class_list":["post-1722","post","type-post","status-publish","format-standard","has-post-thumbnail","hentry","category-sem-categoria"],"_links":{"self":[{"href":"https:\/\/sistemafaepa.com.br\/faepa\/wp-json\/wp\/v2\/posts\/1722","targetHints":{"allow":["GET"]}}],"collection":[{"href":"https:\/\/sistemafaepa.com.br\/faepa\/wp-json\/wp\/v2\/posts"}],"about":[{"href":"https:\/\/sistemafaepa.com.br\/faepa\/wp-json\/wp\/v2\/types\/post"}],"author":[{"embeddable":true,"href":"https:\/\/sistemafaepa.com.br\/faepa\/wp-json\/wp\/v2\/users\/1"}],"replies":[{"embeddable":true,"href":"https:\/\/sistemafaepa.com.br\/faepa\/wp-json\/wp\/v2\/comments?post=1722"}],"version-history":[{"count":0,"href":"https:\/\/sistemafaepa.com.br\/faepa\/wp-json\/wp\/v2\/posts\/1722\/revisions"}],"wp:featuredmedia":[{"embeddable":true,"href":"https:\/\/sistemafaepa.com.br\/faepa\/wp-json\/"}],"wp:attachment":[{"href":"https:\/\/sistemafaepa.com.br\/faepa\/wp-json\/wp\/v2\/media?parent=1722"}],"wp:term":[{"taxonomy":"category","embeddable":true,"href":"https:\/\/sistemafaepa.com.br\/faepa\/wp-json\/wp\/v2\/categories?post=1722"},{"taxonomy":"post_tag","embeddable":true,"href":"https:\/\/sistemafaepa.com.br\/faepa\/wp-json\/wp\/v2\/tags?post=1722"}],"curies":[{"name":"wp","href":"https:\/\/api.w.org\/{rel}","templated":true}]}}