{"id":1718,"date":"2019-08-27T17:03:33","date_gmt":"2019-08-27T20:03:33","guid":{"rendered":"http:\/\/sistemafaepa.com.br\/faepa\/2019\/08\/27\/sistema-faepa-senar-e-sinpriz-realizam-solenidade-de-formatura-da-5o-turma-do-curso-tecnico-em-agronegocio-do-polo-presencial-em-santa-izabel-do-para\/"},"modified":"2019-08-27T17:03:33","modified_gmt":"2019-08-27T20:03:33","slug":"sistema-faepa-senar-e-sinpriz-realizam-solenidade-de-formatura-da-5o-turma-do-curso-tecnico-em-agronegocio-do-polo-presencial-em-santa-izabel-do-para","status":"publish","type":"post","link":"https:\/\/sistemafaepa.com.br\/faepa\/sistema-faepa-senar-e-sinpriz-realizam-solenidade-de-formatura-da-5o-turma-do-curso-tecnico-em-agronegocio-do-polo-presencial-em-santa-izabel-do-para\/","title":{"rendered":"Sistema Faepa\/Senar e Sinpriz realizam solenidade de formatura da 5\u00ba turma do Curso T\u00e9cnico em Agroneg\u00f3cio do Polo Presencial em Santa Izabel do Par\u00e1"},"content":{"rendered":"<p>Nesta sexta-feira, 30 de agosto, o Sistema Faepa\/Senar e o Sindicato de Produtores Rurais de Santa Izabel do Par\u00e1 e Santo Ant\u00f4nio do Tau\u00e1 (Sinpriz) realizam a cerim\u00f4nia de cola\u00e7\u00e3o de grau de 17 alunos da quinta turma do Curso T\u00e9cnico em Agroneg\u00f3cio do Polo Presencial localizado no munic\u00edpio. O evento est\u00e1 programado para as 9h, na sede do Sindicato.<\/p>\n<p>Com dura\u00e7\u00e3o de dois anos, o principal objetivo do curso desenvolvido pelo Senar em parceria com a Rede e-Tec Brasil, programa do Minist\u00e9rio da Educa\u00e7\u00e3o (MEC), \u00e9 formar e qualificar profissionais para a aplica\u00e7\u00e3o dos procedimentos de gest\u00e3o e comercializa\u00e7\u00e3o do agroneg\u00f3cio, com \u00eanfase na variedade de segmentos e cadeias produtivas do Brasil.<\/p>\n","protected":false},"excerpt":{"rendered":"<p>Nesta sexta-feira, 30 de agosto, o Sistema Faepa\/Senar e o Sindicato de Produtores Rurais de Santa Izabel do Par\u00e1 e Santo Ant\u00f4nio do Tau\u00e1 (Sinpriz) realizam a cerim\u00f4nia de cola\u00e7\u00e3o de grau de 17 alunos da quinta turma do Curso T\u00e9cnico em Agroneg\u00f3cio do Polo Presencial localizado no munic\u00edpio. O evento est\u00e1 programado para as [&hellip;]<\/p>\n","protected":false},"author":1,"featured_media":1719,"comment_status":"open","ping_status":"open","sticky":false,"template":"","format":"standard","meta":{"_et_pb_use_builder":"","_et_pb_old_content":"","_et_gb_content_width":"","footnotes":""},"categories":[1],"tags":[],"class_list":["post-1718","post","type-post","status-publish","format-standard","has-post-thumbnail","hentry","category-sem-categoria"],"_links":{"self":[{"href":"https:\/\/sistemafaepa.com.br\/faepa\/wp-json\/wp\/v2\/posts\/1718","targetHints":{"allow":["GET"]}}],"collection":[{"href":"https:\/\/sistemafaepa.com.br\/faepa\/wp-json\/wp\/v2\/posts"}],"about":[{"href":"https:\/\/sistemafaepa.com.br\/faepa\/wp-json\/wp\/v2\/types\/post"}],"author":[{"embeddable":true,"href":"https:\/\/sistemafaepa.com.br\/faepa\/wp-json\/wp\/v2\/users\/1"}],"replies":[{"embeddable":true,"href":"https:\/\/sistemafaepa.com.br\/faepa\/wp-json\/wp\/v2\/comments?post=1718"}],"version-history":[{"count":0,"href":"https:\/\/sistemafaepa.com.br\/faepa\/wp-json\/wp\/v2\/posts\/1718\/revisions"}],"wp:featuredmedia":[{"embeddable":true,"href":"https:\/\/sistemafaepa.com.br\/faepa\/wp-json\/"}],"wp:attachment":[{"href":"https:\/\/sistemafaepa.com.br\/faepa\/wp-json\/wp\/v2\/media?parent=1718"}],"wp:term":[{"taxonomy":"category","embeddable":true,"href":"https:\/\/sistemafaepa.com.br\/faepa\/wp-json\/wp\/v2\/categories?post=1718"},{"taxonomy":"post_tag","embeddable":true,"href":"https:\/\/sistemafaepa.com.br\/faepa\/wp-json\/wp\/v2\/tags?post=1718"}],"curies":[{"name":"wp","href":"https:\/\/api.w.org\/{rel}","templated":true}]}}