{"id":1717,"date":"2019-08-27T15:31:54","date_gmt":"2019-08-27T18:31:54","guid":{"rendered":"http:\/\/sistemafaepa.com.br\/faepa\/2019\/08\/27\/belem-53a-expopara-acontece-ate-31-8-no-parque-de-exposicao-presidente-medici-2\/"},"modified":"2019-08-27T15:31:54","modified_gmt":"2019-08-27T18:31:54","slug":"belem-53a-expopara-acontece-ate-31-8-no-parque-de-exposicao-presidente-medici-2","status":"publish","type":"post","link":"https:\/\/sistemafaepa.com.br\/faepa\/belem-53a-expopara-acontece-ate-31-8-no-parque-de-exposicao-presidente-medici-2\/","title":{"rendered":"Bel\u00e9m: 53\u00aa EXPOPAR\u00c1 acontece at\u00e9 31\/8 no Parque de Exposi\u00e7\u00e3o Presidente M\u00e9dici"},"content":{"rendered":"<p>As expectativas s\u00e3o positivas para a 53\u00ba Expopar\u00e1 \u2013 Exposi\u00e7\u00e3o Agropecu\u00e1ria do Par\u00e1, que acontece at\u00e9 s\u00e1bado, 31 de agosto, no Parque de Exposi\u00e7\u00f5es Presidente M\u00e9dici, em Bel\u00e9m, mostrando o resultado de melhoramento gen\u00e9tico no Estado, que tem hoje sua pecu\u00e1ria colocada entre as melhores do Brasil. O evento \u00e9 uma iniciativa da Associa\u00e7\u00e3o Rural da Pecu\u00e1ria do Par\u00e1 (ARPP) e conta com a parceria da Superintend\u00eancia Federal de Agricultura no Par\u00e1, Sistema Faepa\/Senar, Secretaria de Desenvolvimento Agropecu\u00e1rio e da Pesca, Ag\u00eancia de Defesa Agropecu\u00e1ria do Estado do Par\u00e1, Associa\u00e7\u00e3o Brasileira dos Criadores de Zebu, Associa\u00e7\u00e3o dos Criadores de Guzer\u00e1 da Amaz\u00f4nia e N\u00facleo dos Criadores do Cavalo Mangalarga Marchador da Amaz\u00f4nia.<\/p>\n<p>Durante o evento ser\u00e1 apresentada a Exposi\u00e7\u00e3o Regional Norte da Ra\u00e7a Guzer\u00e1 e Julgamento, e ainda, a II Exposi\u00e7\u00e3o Regional do Cavalo Margalarga Marchado. Na quarta-feira, 28, a Associa\u00e7\u00e3o Brasileira dos Criadores de Zebu (ABCZ) promove um Curso de Escritura\u00e7\u00e3o Zoot\u00e9cnica, \u00e0s 8h, e as inscri\u00e7\u00f5es s\u00e3o gratuitas mediante disponibilidade de vagas. Para participar, os interessados devem entrar em contato pelo telefone 3231-6917.<\/p>\n<p>A pecu\u00e1ria paraense, a quarta maior do pa\u00eds, desponta no ranking nacional com animais de v\u00e1rias ra\u00e7as classificados como campe\u00f5es nacionais. Durante a exposi\u00e7\u00e3o, que movimenta sobremaneira o agroneg\u00f3cio da capital, ocorrer\u00e1 o XIV Leil\u00e3o Evolu\u00e7\u00e3o do Guzer\u00e1, uma das atra\u00e7\u00f5es mais esperadas pelo p\u00fablico visitante, com participa\u00e7\u00e3o dos melhores exemplares das ra\u00e7as, contribuindo para aumentar a rentabilidade no setor pecu\u00e1rio. O Leil\u00e3o acontece na sexta-feira, 30, \u00e0s 20h, com transmiss\u00e3o presencial e ao vivo pela Leilo Norte, <strong><a href=\"http:\/\/www.leilonorte.com\">www.leilonorte.com<\/a><\/strong><\/p>\n<p><strong>Mais informa\u00e7\u00f5es:<\/strong><\/p>\n<p><strong>EXPOPAR\u00c1 2019<\/strong><\/p>\n<p><strong>Data:<\/strong> At\u00e9 31 de agosto de 2019<\/p>\n<p><strong>Local:<\/strong> Parque de Exposi\u00e7\u00f5es Presidente M\u00e9dici \u2013 Bel\u00e9m \u2013 Par\u00e1<\/p>\n<p><strong>Hor\u00e1rio:<\/strong> das 8h \u00e0s 18h<\/p>\n<p><strong>Redes sociais:<\/strong><\/p>\n<p><a href=\"http:\/\/www.facebook.com\/AssociacaoRuraldaPecuariadoPara\"><strong>Facebook<\/strong><\/a><\/p>\n<p><a href=\"http:\/\/www.instagram.com\/associacaoruraldapecuariapara\"><strong>Instagram<\/strong><\/a><\/p>\n<p>&nbsp;<\/p>\n","protected":false},"excerpt":{"rendered":"<p>As expectativas s\u00e3o positivas para a 53\u00ba Expopar\u00e1 \u2013 Exposi\u00e7\u00e3o Agropecu\u00e1ria do Par\u00e1, que acontece at\u00e9 s\u00e1bado, 31 de agosto, no Parque de Exposi\u00e7\u00f5es Presidente M\u00e9dici, em Bel\u00e9m, mostrando o resultado de melhoramento gen\u00e9tico no Estado, que tem hoje sua pecu\u00e1ria colocada entre as melhores do Brasil. O evento \u00e9 uma iniciativa da Associa\u00e7\u00e3o Rural [&hellip;]<\/p>\n","protected":false},"author":1,"featured_media":1716,"comment_status":"open","ping_status":"open","sticky":false,"template":"","format":"standard","meta":{"_et_pb_use_builder":"","_et_pb_old_content":"","_et_gb_content_width":"","footnotes":""},"categories":[1],"tags":[],"class_list":["post-1717","post","type-post","status-publish","format-standard","has-post-thumbnail","hentry","category-sem-categoria"],"_links":{"self":[{"href":"https:\/\/sistemafaepa.com.br\/faepa\/wp-json\/wp\/v2\/posts\/1717","targetHints":{"allow":["GET"]}}],"collection":[{"href":"https:\/\/sistemafaepa.com.br\/faepa\/wp-json\/wp\/v2\/posts"}],"about":[{"href":"https:\/\/sistemafaepa.com.br\/faepa\/wp-json\/wp\/v2\/types\/post"}],"author":[{"embeddable":true,"href":"https:\/\/sistemafaepa.com.br\/faepa\/wp-json\/wp\/v2\/users\/1"}],"replies":[{"embeddable":true,"href":"https:\/\/sistemafaepa.com.br\/faepa\/wp-json\/wp\/v2\/comments?post=1717"}],"version-history":[{"count":0,"href":"https:\/\/sistemafaepa.com.br\/faepa\/wp-json\/wp\/v2\/posts\/1717\/revisions"}],"wp:featuredmedia":[{"embeddable":true,"href":"https:\/\/sistemafaepa.com.br\/faepa\/wp-json\/"}],"wp:attachment":[{"href":"https:\/\/sistemafaepa.com.br\/faepa\/wp-json\/wp\/v2\/media?parent=1717"}],"wp:term":[{"taxonomy":"category","embeddable":true,"href":"https:\/\/sistemafaepa.com.br\/faepa\/wp-json\/wp\/v2\/categories?post=1717"},{"taxonomy":"post_tag","embeddable":true,"href":"https:\/\/sistemafaepa.com.br\/faepa\/wp-json\/wp\/v2\/tags?post=1717"}],"curies":[{"name":"wp","href":"https:\/\/api.w.org\/{rel}","templated":true}]}}