{"id":1709,"date":"2019-08-23T17:15:41","date_gmt":"2019-08-23T20:15:41","guid":{"rendered":"http:\/\/sistemafaepa.com.br\/faepa\/2019\/08\/23\/sistema-faepa-senar-participa-do-lancamento-do-festival-internacional-do-chocolate-e-cacau-da-amazonia-e-flor-para-2019-no-sao-jose-liberto\/"},"modified":"2019-08-23T17:15:41","modified_gmt":"2019-08-23T20:15:41","slug":"sistema-faepa-senar-participa-do-lancamento-do-festival-internacional-do-chocolate-e-cacau-da-amazonia-e-flor-para-2019-no-sao-jose-liberto","status":"publish","type":"post","link":"https:\/\/sistemafaepa.com.br\/faepa\/sistema-faepa-senar-participa-do-lancamento-do-festival-internacional-do-chocolate-e-cacau-da-amazonia-e-flor-para-2019-no-sao-jose-liberto\/","title":{"rendered":"Sistema Faepa\/Senar participa do lan\u00e7amento do Festival Internacional do Chocolate e Cacau da Amaz\u00f4nia e Flor Par\u00e1 2019 no S\u00e3o Jos\u00e9 Liberto"},"content":{"rendered":"<p>O VI Festival Internacional do Chocolate e Cacau da Amaz\u00f4nia e Flor Par\u00e1 2019, promovidos pela Secretaria de Desenvolvimento Agropecu\u00e1rio e da Pesca (Sedap) e Secretaria de Estado e Desenvolvimento Econ\u00f4mico, Minera\u00e7\u00e3o e Energia (Sedeme), com o apoio do Sistema Faepa\/Senar e outros parceiros, foi lan\u00e7ado oficialmente ontem (22), durante cerim\u00f4nia no Espa\u00e7o S\u00e3o Jos\u00e9 Liberto, em Bel\u00e9m. Os convidados puderam ter uma pr\u00e9via do que ser\u00e1 o evento, programado para o Hangar &#8211; Centro de Conven\u00e7\u00f5es e Feiras da Amaz\u00f4nia, no per\u00edodo de 19 a 22 de setembro. Na ocasi\u00e3o, estiveram presentes o presidente e o vice-presidente da Faepa, Carlos Xavier e Vilson Schuber, acompanhados de t\u00e9cnicos e produtores de cacau.<\/p>\n<p>&nbsp;<\/p>\n","protected":false},"excerpt":{"rendered":"<p>O VI Festival Internacional do Chocolate e Cacau da Amaz\u00f4nia e Flor Par\u00e1 2019, promovidos pela Secretaria de Desenvolvimento Agropecu\u00e1rio e da Pesca (Sedap) e Secretaria de Estado e Desenvolvimento Econ\u00f4mico, Minera\u00e7\u00e3o e Energia (Sedeme), com o apoio do Sistema Faepa\/Senar e outros parceiros, foi lan\u00e7ado oficialmente ontem (22), durante cerim\u00f4nia no Espa\u00e7o S\u00e3o Jos\u00e9 [&hellip;]<\/p>\n","protected":false},"author":1,"featured_media":1710,"comment_status":"open","ping_status":"open","sticky":false,"template":"","format":"standard","meta":{"_et_pb_use_builder":"","_et_pb_old_content":"","_et_gb_content_width":"","footnotes":""},"categories":[1],"tags":[],"class_list":["post-1709","post","type-post","status-publish","format-standard","has-post-thumbnail","hentry","category-sem-categoria"],"_links":{"self":[{"href":"https:\/\/sistemafaepa.com.br\/faepa\/wp-json\/wp\/v2\/posts\/1709","targetHints":{"allow":["GET"]}}],"collection":[{"href":"https:\/\/sistemafaepa.com.br\/faepa\/wp-json\/wp\/v2\/posts"}],"about":[{"href":"https:\/\/sistemafaepa.com.br\/faepa\/wp-json\/wp\/v2\/types\/post"}],"author":[{"embeddable":true,"href":"https:\/\/sistemafaepa.com.br\/faepa\/wp-json\/wp\/v2\/users\/1"}],"replies":[{"embeddable":true,"href":"https:\/\/sistemafaepa.com.br\/faepa\/wp-json\/wp\/v2\/comments?post=1709"}],"version-history":[{"count":0,"href":"https:\/\/sistemafaepa.com.br\/faepa\/wp-json\/wp\/v2\/posts\/1709\/revisions"}],"wp:featuredmedia":[{"embeddable":true,"href":"https:\/\/sistemafaepa.com.br\/faepa\/wp-json\/"}],"wp:attachment":[{"href":"https:\/\/sistemafaepa.com.br\/faepa\/wp-json\/wp\/v2\/media?parent=1709"}],"wp:term":[{"taxonomy":"category","embeddable":true,"href":"https:\/\/sistemafaepa.com.br\/faepa\/wp-json\/wp\/v2\/categories?post=1709"},{"taxonomy":"post_tag","embeddable":true,"href":"https:\/\/sistemafaepa.com.br\/faepa\/wp-json\/wp\/v2\/tags?post=1709"}],"curies":[{"name":"wp","href":"https:\/\/api.w.org\/{rel}","templated":true}]}}