{"id":1708,"date":"2019-08-22T18:52:53","date_gmt":"2019-08-22T21:52:53","guid":{"rendered":"http:\/\/sistemafaepa.com.br\/faepa\/2019\/08\/22\/festival-de-chocolate-e-destaque-no-sao-jose-liberto-2\/"},"modified":"2019-08-22T18:52:53","modified_gmt":"2019-08-22T21:52:53","slug":"festival-de-chocolate-e-destaque-no-sao-jose-liberto-2","status":"publish","type":"post","link":"https:\/\/sistemafaepa.com.br\/faepa\/festival-de-chocolate-e-destaque-no-sao-jose-liberto-2\/","title":{"rendered":"Coquetel de Lan\u00e7amento da VI Edi\u00e7\u00e3o Chocolat Amaz\u00f4nia 2019 e Flor Par\u00e1, em Bel\u00e9m"},"content":{"rendered":"<p>O Chocolat Amaz\u00f4nia 2019 &#8211; VI Festival Internacional do Cacau e Chocolate j\u00e1 se firma como um dos maiores eventos de chocolate de origem Brasil, reunindo toda a cadeia produtiva do cacau ao chocolate e derivados desse rico fruto nativo da Amaz\u00f4nia. Em Bel\u00e9m, o evento acontece junto com o Flor Par\u00e1.<\/p>\n<p>A iniciativa do Governo do Estado do Par\u00e1 em parceria com a marca Chocolat Festival, e apoiada pelo Sistema Faepa\/Senar, ser\u00e1 lan\u00e7ada \u00e0s 19h, desta quinta-feira, 22, no Espa\u00e7o S\u00e3o Jos\u00e9 Liberto, em Bel\u00e9m.<\/p>\n<p>De acordo com os organizadores, o VI Festival Internacional do Cacau e Chocolate tem o prop\u00f3sito de abrir mercado para os produtos genuinamente paraenses, dar visibilidade para as marcas locais a fim de que o p\u00fablico paraense conhe\u00e7a e compreenda a import\u00e2ncia de um produto como o cacau, um fruto que al\u00e9m de preservar o meio ambiente, tem um projeto social forte na medida que desenvolve a economia local a partir de cooperativas e associa\u00e7\u00f5es de produtores rurais, conforme j\u00e1 \u00e9 realidade no munic\u00edpio de Medicil\u00e2ndia, na Transamaz\u00f4nica, considerado o maior produtor de am\u00eandoas do Brasil.<\/p>\n<p>H\u00e1 seis anos, o Festival Internacional aumenta o n\u00famero de p\u00fablico, de marcas de chocolate e de expositores do Par\u00e1, do Brasil e do mundo. \u00c9 que al\u00e9m das marcas de chocolate do Par\u00e1 e da Amaz\u00f4nia, e de produtos derivados de cacau, de Bel\u00e9m, h\u00e1 uma atra\u00e7\u00e3o de marcas e de derivados do cacau e do chocolate de outras partes do pa\u00eds, promovendo uma forte integra\u00e7\u00e3o entre esse promissor segmento, que tem durante o evento uma rara oportunidade de articular estrat\u00e9gias para conquistar o mercado globalizado.<\/p>\n<p>Os principais pa\u00edses produtores de cacau da Am\u00e9rica Latina s\u00e3o Brasil, Peru, Equador, Bol\u00edvia, Venezuela e Col\u00f4mbia. Eles fornecem mat\u00e9ria-prima para chocolateiros do mundo inteiro. A inten\u00e7\u00e3o da VI Edi\u00e7\u00e3o do Festival Internacional do Cacau e Chocolate, em Bel\u00e9m, \u00e9 integrar cada vez mais o Brasil e o Par\u00e1 no mercado internacional. Para isso, \u00e9 fundamental criar uma pol\u00edtica de expans\u00e3o, atrair compradores latinos, dos Estados Unidos e, claro, da Europa, a fim de comercializar n\u00e3o apenas a am\u00eandoa, mas o chocolate fino origem Par\u00e1-Amaz\u00f4nia-Brasil.<\/p>\n<p><strong>Servi\u00e7o:<\/strong><\/p>\n<p>Coquetel de Lan\u00e7amento Oficial VI Festival Chocolat Amaz\u00f4nia 2019 e \u00a0Flor Par\u00e1, \u00e0s 19h, desta quinta-feira, 22, no Espa\u00e7o S\u00e3o Jos\u00e9 Liberto, na Pra\u00e7a Amazonas, s\/n, no bairro do Jurunas, em Bel\u00e9m.<\/p>\n<p>VI Festival Chocolat Amaz\u00f4nia 2019 e \u00a0Flor Par\u00e1, de 19 a 22 de setembro, no Hangar Centro de Conven\u00e7\u00f5es e Feiras da Amaz\u00f4nia, em Bel\u00e9m.<\/p>\n","protected":false},"excerpt":{"rendered":"<p>O Chocolat Amaz\u00f4nia 2019 &#8211; VI Festival Internacional do Cacau e Chocolate j\u00e1 se firma como um dos maiores eventos de chocolate de origem Brasil, reunindo toda a cadeia produtiva do cacau ao chocolate e derivados desse rico fruto nativo da Amaz\u00f4nia. Em Bel\u00e9m, o evento acontece junto com o Flor Par\u00e1. A iniciativa do [&hellip;]<\/p>\n","protected":false},"author":1,"featured_media":1707,"comment_status":"open","ping_status":"open","sticky":false,"template":"","format":"standard","meta":{"_et_pb_use_builder":"","_et_pb_old_content":"","_et_gb_content_width":"","footnotes":""},"categories":[1],"tags":[],"class_list":["post-1708","post","type-post","status-publish","format-standard","has-post-thumbnail","hentry","category-sem-categoria"],"_links":{"self":[{"href":"https:\/\/sistemafaepa.com.br\/faepa\/wp-json\/wp\/v2\/posts\/1708","targetHints":{"allow":["GET"]}}],"collection":[{"href":"https:\/\/sistemafaepa.com.br\/faepa\/wp-json\/wp\/v2\/posts"}],"about":[{"href":"https:\/\/sistemafaepa.com.br\/faepa\/wp-json\/wp\/v2\/types\/post"}],"author":[{"embeddable":true,"href":"https:\/\/sistemafaepa.com.br\/faepa\/wp-json\/wp\/v2\/users\/1"}],"replies":[{"embeddable":true,"href":"https:\/\/sistemafaepa.com.br\/faepa\/wp-json\/wp\/v2\/comments?post=1708"}],"version-history":[{"count":0,"href":"https:\/\/sistemafaepa.com.br\/faepa\/wp-json\/wp\/v2\/posts\/1708\/revisions"}],"wp:featuredmedia":[{"embeddable":true,"href":"https:\/\/sistemafaepa.com.br\/faepa\/wp-json\/"}],"wp:attachment":[{"href":"https:\/\/sistemafaepa.com.br\/faepa\/wp-json\/wp\/v2\/media?parent=1708"}],"wp:term":[{"taxonomy":"category","embeddable":true,"href":"https:\/\/sistemafaepa.com.br\/faepa\/wp-json\/wp\/v2\/categories?post=1708"},{"taxonomy":"post_tag","embeddable":true,"href":"https:\/\/sistemafaepa.com.br\/faepa\/wp-json\/wp\/v2\/tags?post=1708"}],"curies":[{"name":"wp","href":"https:\/\/api.w.org\/{rel}","templated":true}]}}