{"id":1706,"date":"2019-08-22T18:47:25","date_gmt":"2019-08-22T21:47:25","guid":{"rendered":"http:\/\/sistemafaepa.com.br\/faepa\/2019\/08\/22\/festival-de-chocolate-e-destaque-no-sao-jose-liberto\/"},"modified":"2019-08-22T18:47:25","modified_gmt":"2019-08-22T21:47:25","slug":"festival-de-chocolate-e-destaque-no-sao-jose-liberto","status":"publish","type":"post","link":"https:\/\/sistemafaepa.com.br\/faepa\/festival-de-chocolate-e-destaque-no-sao-jose-liberto\/","title":{"rendered":"Festival de chocolate \u00e9 lan\u00e7ado no S\u00e3o Jos\u00e9 Liberto"},"content":{"rendered":"<p>Com a parceira do Sistema Faepa\/Senar ocorre nesta quinta, 22, \u00e0s 20h, o lan\u00e7amento do Festival Internacional de Chocolates, Cacau, Flores e Joias da Amaz\u00f4nia, no Espa\u00e7o S\u00e3o Jos\u00e9 Liberto.<\/p>\n<p>A cerim\u00f4nia marca o in\u00edcio do evento com circuito gastron\u00f4mico que antecede o festival, do qual participam 10 restaurantes com pratos utilizando cacau e chocolate. O circuito termina com a abertura do festival que, em 2019, atinge sua sexta edi\u00e7\u00e3o e ocorrer\u00e1 de 19 a 22 de setembro, no Hangar.<\/p>\n","protected":false},"excerpt":{"rendered":"<p>Com a parceira do Sistema Faepa\/Senar ocorre nesta quinta, 22, \u00e0s 20h, o lan\u00e7amento do Festival Internacional de Chocolates, Cacau, Flores e Joias da Amaz\u00f4nia, no Espa\u00e7o S\u00e3o Jos\u00e9 Liberto. A cerim\u00f4nia marca o in\u00edcio do evento com circuito gastron\u00f4mico que antecede o festival, do qual participam 10 restaurantes com pratos utilizando cacau e chocolate. [&hellip;]<\/p>\n","protected":false},"author":1,"featured_media":1707,"comment_status":"open","ping_status":"open","sticky":false,"template":"","format":"standard","meta":{"_et_pb_use_builder":"","_et_pb_old_content":"","_et_gb_content_width":"","footnotes":""},"categories":[1],"tags":[],"class_list":["post-1706","post","type-post","status-publish","format-standard","has-post-thumbnail","hentry","category-sem-categoria"],"_links":{"self":[{"href":"https:\/\/sistemafaepa.com.br\/faepa\/wp-json\/wp\/v2\/posts\/1706","targetHints":{"allow":["GET"]}}],"collection":[{"href":"https:\/\/sistemafaepa.com.br\/faepa\/wp-json\/wp\/v2\/posts"}],"about":[{"href":"https:\/\/sistemafaepa.com.br\/faepa\/wp-json\/wp\/v2\/types\/post"}],"author":[{"embeddable":true,"href":"https:\/\/sistemafaepa.com.br\/faepa\/wp-json\/wp\/v2\/users\/1"}],"replies":[{"embeddable":true,"href":"https:\/\/sistemafaepa.com.br\/faepa\/wp-json\/wp\/v2\/comments?post=1706"}],"version-history":[{"count":0,"href":"https:\/\/sistemafaepa.com.br\/faepa\/wp-json\/wp\/v2\/posts\/1706\/revisions"}],"wp:featuredmedia":[{"embeddable":true,"href":"https:\/\/sistemafaepa.com.br\/faepa\/wp-json\/"}],"wp:attachment":[{"href":"https:\/\/sistemafaepa.com.br\/faepa\/wp-json\/wp\/v2\/media?parent=1706"}],"wp:term":[{"taxonomy":"category","embeddable":true,"href":"https:\/\/sistemafaepa.com.br\/faepa\/wp-json\/wp\/v2\/categories?post=1706"},{"taxonomy":"post_tag","embeddable":true,"href":"https:\/\/sistemafaepa.com.br\/faepa\/wp-json\/wp\/v2\/tags?post=1706"}],"curies":[{"name":"wp","href":"https:\/\/api.w.org\/{rel}","templated":true}]}}