{"id":1701,"date":"2019-08-20T18:16:51","date_gmt":"2019-08-20T21:16:51","guid":{"rendered":"http:\/\/sistemafaepa.com.br\/faepa\/2019\/08\/20\/presidente-da-faepa-reune-com-produtores-em-santa-barbara-um-dos-polos-de-apoio-presencial-da-rede-e-tec-senar\/"},"modified":"2019-08-20T18:16:51","modified_gmt":"2019-08-20T21:16:51","slug":"presidente-da-faepa-reune-com-produtores-em-santa-barbara-um-dos-polos-de-apoio-presencial-da-rede-e-tec-senar","status":"publish","type":"post","link":"https:\/\/sistemafaepa.com.br\/faepa\/presidente-da-faepa-reune-com-produtores-em-santa-barbara-um-dos-polos-de-apoio-presencial-da-rede-e-tec-senar\/","title":{"rendered":"Presidente da Faepa re\u00fane com produtores em Santa B\u00e1rbara, um dos polos de apoio presencial da rede e-Tec Senar"},"content":{"rendered":"<p>O presidente da Federa\u00e7\u00e3o da Agricultura e Pecu\u00e1ria do Par\u00e1 (Faepa), Carlos Xavier, participou nesta ter\u00e7a-feira, 20, de reuni\u00e3o com os produtores rurais no Sindicato de Santa B\u00e1rbara do Par\u00e1, que \u00e9 um dos polos de apoio presencial da rede e-Tec Senar no estado do Par\u00e1. Na ocasi\u00e3o, tamb\u00e9m estiveram presentes o prefeito do munic\u00edpio, Nilson dos Santos, o secret\u00e1rio municipal de Agricultura Marcos Amaral, o Assessor Sindical da Faepa, Jo\u00e3o Concei\u00e7\u00e3o, representantes da Empresa de Assist\u00eancia T\u00e9cnica e Extens\u00e3o Rural do Par\u00e1 (Emater) e os t\u00e9cnicos da Ag\u00eancia de Defesa Agropecu\u00e1ria do Estado do Par\u00e1 (Adepar\u00e1): Jos\u00e9 Severino , Nelson Leite , Elielson Maia e Hamilton Silva.<\/p>\n","protected":false},"excerpt":{"rendered":"<p>O presidente da Federa\u00e7\u00e3o da Agricultura e Pecu\u00e1ria do Par\u00e1 (Faepa), Carlos Xavier, participou nesta ter\u00e7a-feira, 20, de reuni\u00e3o com os produtores rurais no Sindicato de Santa B\u00e1rbara do Par\u00e1, que \u00e9 um dos polos de apoio presencial da rede e-Tec Senar no estado do Par\u00e1. Na ocasi\u00e3o, tamb\u00e9m estiveram presentes o prefeito do munic\u00edpio, [&hellip;]<\/p>\n","protected":false},"author":1,"featured_media":1702,"comment_status":"open","ping_status":"open","sticky":false,"template":"","format":"standard","meta":{"_et_pb_use_builder":"","_et_pb_old_content":"","_et_gb_content_width":"","footnotes":""},"categories":[1],"tags":[],"class_list":["post-1701","post","type-post","status-publish","format-standard","has-post-thumbnail","hentry","category-sem-categoria"],"_links":{"self":[{"href":"https:\/\/sistemafaepa.com.br\/faepa\/wp-json\/wp\/v2\/posts\/1701","targetHints":{"allow":["GET"]}}],"collection":[{"href":"https:\/\/sistemafaepa.com.br\/faepa\/wp-json\/wp\/v2\/posts"}],"about":[{"href":"https:\/\/sistemafaepa.com.br\/faepa\/wp-json\/wp\/v2\/types\/post"}],"author":[{"embeddable":true,"href":"https:\/\/sistemafaepa.com.br\/faepa\/wp-json\/wp\/v2\/users\/1"}],"replies":[{"embeddable":true,"href":"https:\/\/sistemafaepa.com.br\/faepa\/wp-json\/wp\/v2\/comments?post=1701"}],"version-history":[{"count":0,"href":"https:\/\/sistemafaepa.com.br\/faepa\/wp-json\/wp\/v2\/posts\/1701\/revisions"}],"wp:featuredmedia":[{"embeddable":true,"href":"https:\/\/sistemafaepa.com.br\/faepa\/wp-json\/"}],"wp:attachment":[{"href":"https:\/\/sistemafaepa.com.br\/faepa\/wp-json\/wp\/v2\/media?parent=1701"}],"wp:term":[{"taxonomy":"category","embeddable":true,"href":"https:\/\/sistemafaepa.com.br\/faepa\/wp-json\/wp\/v2\/categories?post=1701"},{"taxonomy":"post_tag","embeddable":true,"href":"https:\/\/sistemafaepa.com.br\/faepa\/wp-json\/wp\/v2\/tags?post=1701"}],"curies":[{"name":"wp","href":"https:\/\/api.w.org\/{rel}","templated":true}]}}