{"id":1695,"date":"2019-08-19T23:05:15","date_gmt":"2019-08-20T02:05:15","guid":{"rendered":"http:\/\/sistemafaepa.com.br\/faepa\/2019\/08\/19\/sistema-faepa-participa-de-reuniao-sobre-combate-da-mosca-da-carambola\/"},"modified":"2019-08-19T23:05:15","modified_gmt":"2019-08-20T02:05:15","slug":"sistema-faepa-participa-de-reuniao-sobre-combate-da-mosca-da-carambola","status":"publish","type":"post","link":"https:\/\/sistemafaepa.com.br\/faepa\/sistema-faepa-participa-de-reuniao-sobre-combate-da-mosca-da-carambola\/","title":{"rendered":"Sistema Faepa participa de reuni\u00e3o sobre combate da mosca da carambola"},"content":{"rendered":"<p>O presidente da Faepa, Carlos Xavier, e os diretores Ant\u00f4nio Tonheiro ( deputado estadual) e Cid Ornela (presidente do Sindicato de Produtores Rurais de Capit\u00e3o Po\u00e7o) acompanhados de produtores rurais da regi\u00e3o participaram na tarde desta segunda-feira, 19 de agosto, no Pal\u00e1cio do Governo, de uma reuni\u00e3o com o Governador Helder Barbalho, o vice governador Lucio Vale, e gestores da Superintend\u00eancia Federal da Agricultura &#8211; SFA e da Ag\u00eancia de Defesa Agropecu\u00e1ria do Par\u00e1 \u2013 Adepar\u00e1 sobre formas de intensificarem a parceria e a atua\u00e7\u00e3o estrat\u00e9gica no combate da mosca da carambola no Estado do Par\u00e1.<\/p>\n<p>Durante a reuni\u00e3o,\u00a0 foram analisadas a situa\u00e7\u00e3o\u00a0 da defesa agropecu\u00e1ria no Par\u00e1, as\u00a0diretrizes\u00a0 adotadas para atender \u00e0s determina\u00e7\u00f5es do Minist\u00e9rio da Agricultura, Pecu\u00e1ria e Abastecimento \u2013 MAPA no\u00a0 combate \u00e0 praga,\u00a0 e\u00a0 o trabalho da Adepar\u00e1 no Programa Nacional de Erradica\u00e7\u00e3o da Mosca da Carambola.<\/p>\n","protected":false},"excerpt":{"rendered":"<p>O presidente da Faepa, Carlos Xavier, e os diretores Ant\u00f4nio Tonheiro ( deputado estadual) e Cid Ornela (presidente do Sindicato de Produtores Rurais de Capit\u00e3o Po\u00e7o) acompanhados de produtores rurais da regi\u00e3o participaram na tarde desta segunda-feira, 19 de agosto, no Pal\u00e1cio do Governo, de uma reuni\u00e3o com o Governador Helder Barbalho, o vice governador [&hellip;]<\/p>\n","protected":false},"author":1,"featured_media":1696,"comment_status":"open","ping_status":"open","sticky":false,"template":"","format":"standard","meta":{"_et_pb_use_builder":"","_et_pb_old_content":"","_et_gb_content_width":"","footnotes":""},"categories":[1],"tags":[],"class_list":["post-1695","post","type-post","status-publish","format-standard","has-post-thumbnail","hentry","category-sem-categoria"],"_links":{"self":[{"href":"https:\/\/sistemafaepa.com.br\/faepa\/wp-json\/wp\/v2\/posts\/1695","targetHints":{"allow":["GET"]}}],"collection":[{"href":"https:\/\/sistemafaepa.com.br\/faepa\/wp-json\/wp\/v2\/posts"}],"about":[{"href":"https:\/\/sistemafaepa.com.br\/faepa\/wp-json\/wp\/v2\/types\/post"}],"author":[{"embeddable":true,"href":"https:\/\/sistemafaepa.com.br\/faepa\/wp-json\/wp\/v2\/users\/1"}],"replies":[{"embeddable":true,"href":"https:\/\/sistemafaepa.com.br\/faepa\/wp-json\/wp\/v2\/comments?post=1695"}],"version-history":[{"count":0,"href":"https:\/\/sistemafaepa.com.br\/faepa\/wp-json\/wp\/v2\/posts\/1695\/revisions"}],"wp:featuredmedia":[{"embeddable":true,"href":"https:\/\/sistemafaepa.com.br\/faepa\/wp-json\/"}],"wp:attachment":[{"href":"https:\/\/sistemafaepa.com.br\/faepa\/wp-json\/wp\/v2\/media?parent=1695"}],"wp:term":[{"taxonomy":"category","embeddable":true,"href":"https:\/\/sistemafaepa.com.br\/faepa\/wp-json\/wp\/v2\/categories?post=1695"},{"taxonomy":"post_tag","embeddable":true,"href":"https:\/\/sistemafaepa.com.br\/faepa\/wp-json\/wp\/v2\/tags?post=1695"}],"curies":[{"name":"wp","href":"https:\/\/api.w.org\/{rel}","templated":true}]}}