{"id":1687,"date":"2019-08-19T16:08:07","date_gmt":"2019-08-19T19:08:07","guid":{"rendered":"http:\/\/sistemafaepa.com.br\/faepa\/2019\/08\/19\/agropec-2019-sistema-faepa-senar-participa-de-uma-das-maiores-feiras-agropecuarias-do-para\/"},"modified":"2019-08-19T16:08:07","modified_gmt":"2019-08-19T19:08:07","slug":"agropec-2019-sistema-faepa-senar-participa-de-uma-das-maiores-feiras-agropecuarias-do-para","status":"publish","type":"post","link":"https:\/\/sistemafaepa.com.br\/faepa\/agropec-2019-sistema-faepa-senar-participa-de-uma-das-maiores-feiras-agropecuarias-do-para\/","title":{"rendered":"Agropec 2019: Sistema Faepa\/Senar participa de uma das maiores feiras agropecu\u00e1rias do Par\u00e1"},"content":{"rendered":"<p>Entre os dias 10 e 18 de agosto, o Sistema Faepa\/Senar, em parceria com o Sindicato de Produtores Rurais de Paragominas, participou da 53\u00aa Exposi\u00e7\u00e3o e Feira Agropecu\u00e1ria de Paragominas (Agropec), que aconteceu no Parque de Exposi\u00e7\u00f5es Am\u00edlcar Tocantins.<\/p>\n<p>O p\u00fablico teve acesso \u00e0s informa\u00e7\u00f5es institucionais do Sistema Faepa\/Senar, como a\u00e7\u00f5es de incentivo ao agroneg\u00f3cio, cursos presenciais e a dist\u00e2ncia, ofertados gratuitamente, al\u00e9m da novidade \u201cEscola Ind\u00fastria de Chocolate\u201d, disponibilizada aos produtores rurais que querem fomentar a cacauicultura no estado do Par\u00e1.<\/p>\n<p><strong>\u00a0Escola Ind\u00fastria\u00a0<\/strong><\/p>\n<p>A Escola Ind\u00fastria de Chocolate trata-se de um projeto inovador, desenvolvido pelo Sistema Faepa\/Senar, em parceria com o Governo do Estado, atrav\u00e9s do Fundo de Desenvolvimento da Cacauicultura do Par\u00e1 (Funcacau), com objetivo de agregar valor ao cultivo do cacau e incentivar o produtor rural a investir na produ\u00e7\u00e3o de chocolate. A iniciativa prev\u00ea a orienta\u00e7\u00e3o e a capacita\u00e7\u00e3o do produtor rural, proporcionando independ\u00eancia para produ\u00e7\u00e3o e comercializa\u00e7\u00e3o do cacau paraense. O projeto prev\u00ea a instala\u00e7\u00e3o de seis unidades piloto nos munic\u00edpios de Altamira, Camet\u00e1, Castanhal, Igarap\u00e9 Miri, Medicil\u00e2ncia, al\u00e9m de uma unidade m\u00f3vel. Os visitantes foram recebidos pela consagrada chocolatier brasileira, Mirian Rocha, e obtinham informa\u00e7\u00f5es sobre o manejo do cacau ao chocolate, al\u00e9m de conhecer todo o maquin\u00e1rio para o aprendizado da produ\u00e7\u00e3o de chocolate.<\/p>\n<p><img loading=\"lazy\" decoding=\"async\" class=\"alignnone size-medium wp-image-1688\" src=\"https:\/\/sistemafaepa.com.br\/faepa\/wp-content\/uploads\/sites\/5\/2019\/08\/6bae1d57-0f71-461a-9105-bf7dfe7cd314-300x142.jpg\" alt=\"\" width=\"300\" height=\"142\" \/><\/p>\n<p>Ainda complementando as novidades da feira, o Sistema Faepa\/Senar \u00a0proporcionou uma experi\u00eancia \u00fanica, levando estudantes e produtores rurais para conhecerem sobre o \u201cCultivo intensivo do Cacau em Paragominas e Regi\u00e3o\u201d, com o palestrante Lanns Almeida, diretor da Biof\u00e1brica de Cacau. Na ocasi\u00e3o, t\u00e9cnicos e autoridades tamb\u00e9m prestigiaram a apresenta\u00e7\u00e3o.<\/p>\n<p><strong>Regulariza\u00e7\u00e3o fundi\u00e1ria<\/strong><\/p>\n<p><img loading=\"lazy\" decoding=\"async\" class=\"alignnone size-medium wp-image-1690\" src=\"https:\/\/sistemafaepa.com.br\/faepa\/wp-content\/uploads\/sites\/5\/2019\/08\/NABHAN-GARCIA-300x200.jpg\" alt=\"\" width=\"300\" height=\"200\" \/><\/p>\n<p>Uma comitiva do setor agropecu\u00e1rio, liderada pelo presidente da Federa\u00e7\u00e3o da Agricultura e Pecu\u00e1ria do Par\u00e1 (Faepa), Carlos Xavier, recebeu o vice-ministro do Minist\u00e9rio da Agricultura, Pecu\u00e1ria e Abastecimento, Nabhan Garcia. Na oportunidade foram tratados entraves e solu\u00e7\u00f5es para o setor fundi\u00e1rio do Estado, entre Nabhan, produtores rurais e representantes de entidades relacionadas ao setor.<\/p>\n<p>Para o vice-ministro, \u201cregularizar a situa\u00e7\u00e3o fundi\u00e1ria da Amaz\u00f4nia Legal \u00e9 prioridade do governo Bolsonaro\u201d.<strong> \u00a0<\/strong>Nabhan deixou claro que \u00e9 prioridade do governo do Presidente Bolsonaro, resolver a situa\u00e7\u00e3o de terras na federa\u00e7\u00e3o, em especial nas regi\u00f5es Norte e Nordeste. Ele conta que, n\u00e3o somente os m\u00e9dios e grandes produtores ir\u00e3o ser beneficiados, mas como tamb\u00e9m a produ\u00e7\u00e3o familiar, especialmente aquela que est\u00e1 em assentamento, tamb\u00e9m ganhar\u00e1 com isso. \u201cCom o t\u00edtulo em m\u00e3os, o assentado, por exemplo, poder\u00e1 acessar cr\u00e9ditos banc\u00e1rios e com isso, ser de fato produtor rural, produzindo na sua terra. Vamos tamb\u00e9m atuar com apoio em capacita\u00e7\u00e3o t\u00e9cnica, mostrando a aptid\u00e3o da terra\u201d, destacou.<\/p>\n<p>Para o presidente da Faepa, Carlos Xavier, a participa\u00e7\u00e3o de Nabhan Garcia teve grande import\u00e2ncia para o evento, al\u00e9m de proporcionar reuni\u00f5es que trataram, por exemplo, sobre temas que possam contribuir para os interesses do Par\u00e1. \u201cNosso objetivo tamb\u00e9m foi de discutir o que tem ocasionado maior dificuldade para o desenvolvimento econ\u00f4mico do Estado como a \u00e1rea fundi\u00e1ria e ambiental. A pauta foi muito produtiva e as posi\u00e7\u00f5es do ministro s\u00e3o muito bem definidas e favorecem quem quer trabalhar de forma honesta para o desenvolvimento do agroneg\u00f3cio. Quem quiser atuar dentro da lei ter\u00e1 o apoio do minist\u00e9rio\u201d, explicou.<\/p>\n<p>Para o Presidente do Sindicato dos Produtores Rurais de Paragominas, Murilo Zancaner, que \u00e9 produtor, resolver o problema de terras do Estado \u00e9 liberar mais recursos e estimular o desenvolvimento da regi\u00e3o. \u201cO agroneg\u00f3cio brasileiro \u00e9 o que movimenta a economia, prova disto \u00e9 o resultado dele na balan\u00e7a comercial, registrando super\u00e1vit sucessivo. Isso mostra a for\u00e7a do produtor, seja ele grande ou pequeno. E o que o vice-Ministro veio fazer aqui em Paragominas \u00e9 reafirmar essa for\u00e7a, ajudando a resolver um dos maiores problemas enfrentados por n\u00f3s, que \u00e9 a regulariza\u00e7\u00e3o de terras\u201d, afirmou.<\/p>\n<p><strong>Inaugura\u00e7\u00e3o<\/strong><\/p>\n<p><strong> <img loading=\"lazy\" decoding=\"async\" class=\"alignnone size-medium wp-image-1692\" src=\"https:\/\/sistemafaepa.com.br\/faepa\/wp-content\/uploads\/sites\/5\/2019\/08\/Arena-Amazon-Country-300x195.jpg\" alt=\"\" width=\"300\" height=\"195\" \/><\/strong><\/p>\n<p><strong>\u00a0<\/strong>A Arena Amazon Country Dr. Wilson Zancaner foi inaugurada oficialmente durante a cerim\u00f4nia de abertura do Rodeio da 53\u00aa Agropec. A placa inaugural foi descerrada pelo vice-ministro do Mapa, Nabhan Garcia, acompanhado pelo presidente do SPRP, Murilo Zancaner, coordenador do N\u00facleo, Chic\u00e3o Caruso, o senador Zequinha Marinho, o presidente da Faepa, Carlos Xavier, \u00a0o vice presidente da Fiepa, Sidney Rosa e o prefeito de Paragominas \u2013 Paulo Tocantins.<\/p>\n<p><strong>Homenagem<\/strong><\/p>\n<p>O ex-presidente do Sindicato dos Produtores Rurais de Paragominas e ex-presidente da Faepa, falecido em junho deste ano, Luiz Carneiro de Oliveira, foi homenageado na abertura do Rodeio da Agropec 2019.<\/p>\n<p>&nbsp;<\/p>\n<p>&nbsp;<\/p>\n","protected":false},"excerpt":{"rendered":"<p>Entre os dias 10 e 18 de agosto, o Sistema Faepa\/Senar, em parceria com o Sindicato de Produtores Rurais de Paragominas, participou da 53\u00aa Exposi\u00e7\u00e3o e Feira Agropecu\u00e1ria de Paragominas (Agropec), que aconteceu no Parque de Exposi\u00e7\u00f5es Am\u00edlcar Tocantins. O p\u00fablico teve acesso \u00e0s informa\u00e7\u00f5es institucionais do Sistema Faepa\/Senar, como a\u00e7\u00f5es de incentivo ao agroneg\u00f3cio, [&hellip;]<\/p>\n","protected":false},"author":1,"featured_media":1694,"comment_status":"open","ping_status":"open","sticky":false,"template":"","format":"standard","meta":{"_et_pb_use_builder":"","_et_pb_old_content":"","_et_gb_content_width":"","footnotes":""},"categories":[1],"tags":[],"class_list":["post-1687","post","type-post","status-publish","format-standard","has-post-thumbnail","hentry","category-sem-categoria"],"_links":{"self":[{"href":"https:\/\/sistemafaepa.com.br\/faepa\/wp-json\/wp\/v2\/posts\/1687","targetHints":{"allow":["GET"]}}],"collection":[{"href":"https:\/\/sistemafaepa.com.br\/faepa\/wp-json\/wp\/v2\/posts"}],"about":[{"href":"https:\/\/sistemafaepa.com.br\/faepa\/wp-json\/wp\/v2\/types\/post"}],"author":[{"embeddable":true,"href":"https:\/\/sistemafaepa.com.br\/faepa\/wp-json\/wp\/v2\/users\/1"}],"replies":[{"embeddable":true,"href":"https:\/\/sistemafaepa.com.br\/faepa\/wp-json\/wp\/v2\/comments?post=1687"}],"version-history":[{"count":0,"href":"https:\/\/sistemafaepa.com.br\/faepa\/wp-json\/wp\/v2\/posts\/1687\/revisions"}],"wp:featuredmedia":[{"embeddable":true,"href":"https:\/\/sistemafaepa.com.br\/faepa\/wp-json\/"}],"wp:attachment":[{"href":"https:\/\/sistemafaepa.com.br\/faepa\/wp-json\/wp\/v2\/media?parent=1687"}],"wp:term":[{"taxonomy":"category","embeddable":true,"href":"https:\/\/sistemafaepa.com.br\/faepa\/wp-json\/wp\/v2\/categories?post=1687"},{"taxonomy":"post_tag","embeddable":true,"href":"https:\/\/sistemafaepa.com.br\/faepa\/wp-json\/wp\/v2\/tags?post=1687"}],"curies":[{"name":"wp","href":"https:\/\/api.w.org\/{rel}","templated":true}]}}