{"id":1679,"date":"2019-08-12T14:43:06","date_gmt":"2019-08-12T17:43:06","guid":{"rendered":"http:\/\/sistemafaepa.com.br\/faepa\/2019\/08\/12\/declaracao-do-imposto-territorial-rural-comeca-nesta-segunda-feira\/"},"modified":"2019-08-12T14:43:06","modified_gmt":"2019-08-12T17:43:06","slug":"declaracao-do-imposto-territorial-rural-comeca-nesta-segunda-feira","status":"publish","type":"post","link":"https:\/\/sistemafaepa.com.br\/faepa\/declaracao-do-imposto-territorial-rural-comeca-nesta-segunda-feira\/","title":{"rendered":"Declara\u00e7\u00e3o do Imposto Territorial Rural come\u00e7a nesta segunda-feira"},"content":{"rendered":"<p><em>Entrega tem que ser feita at\u00e9 30 de setembro<\/em><\/p>\n<p>Os propriet\u00e1rios de im\u00f3veis rurais podem entregar a partir desta segunda-feira, 12, a declara\u00e7\u00e3o do\u00a0<strong>Imposto sobre a Propriedade Territorial Rural<\/strong>. A\u00a0<a href=\"http:\/\/receita.economia.gov.br\/\"><strong>Receita Federal<\/strong>\u00a0<\/a>vai disponibilizar o programa da declara\u00e7\u00e3o no site, a partir das oito horas da manh\u00e3. O prazo para entregar o documento vai at\u00e9 o dia\u00a0<strong>30 de setembro<\/strong>.<\/p>\n<div class=\"ad ad-float ad-300-250\">\n<div id=\"banner-300x250-area\" data-google-query-id=\"COuP1tfr_eMCFcZ-wQodO88Jiw\">\n<div id=\"google_ads_iframe_\/8804\/parceiros\/canal_rural\/noticias_4__container__\">Todos os propriet\u00e1rios de im\u00f3veis t\u00eam a obriga\u00e7\u00e3o de enviar a declara\u00e7\u00e3o, at\u00e9 aqueles que perderam a posse da propriedade este ano. O valor do<strong>\u00a0imposto devido poder\u00e1 ser pago em at\u00e9 quatro parcelas iguais, se a parcela n\u00e3o for inferior a R$ 50.<\/strong>\u00a0Se o total do imposto sobre propriedade territorial rural for menor que R$ 100, o dono do im\u00f3vel ter\u00e1 que pagar o valor \u00e0 vista.<\/div>\n<\/div>\n<\/div>\n<p>Aqueles que perderem o prazo de entrega da declara\u00e7\u00e3o, que vai de 12 de agosto at\u00e9 30 de setembro, ter\u00e3o que pagar\u00a0<strong>multa de 1%<\/strong>\u00a0calculada em cima de cada m\u00eas ou fra\u00e7\u00e3o do atraso.<\/p>\n<p>Este ano, a Receita espera receber mais de 5,7 milh\u00f5es de declara\u00e7\u00f5es. Em 2018 foram entregues mais de 5,6 milh\u00f5es de declara\u00e7\u00f5es do Imposto sobre a Propriedade Territorial Rural.<\/p>\n<p>&nbsp;<\/p>\n","protected":false},"excerpt":{"rendered":"<p>Entrega tem que ser feita at\u00e9 30 de setembro Os propriet\u00e1rios de im\u00f3veis rurais podem entregar a partir desta segunda-feira, 12, a declara\u00e7\u00e3o do\u00a0Imposto sobre a Propriedade Territorial Rural. A\u00a0Receita Federal\u00a0vai disponibilizar o programa da declara\u00e7\u00e3o no site, a partir das oito horas da manh\u00e3. O prazo para entregar o documento vai at\u00e9 o dia\u00a030 [&hellip;]<\/p>\n","protected":false},"author":1,"featured_media":3088,"comment_status":"open","ping_status":"open","sticky":false,"template":"","format":"standard","meta":{"_et_pb_use_builder":"","_et_pb_old_content":"","_et_gb_content_width":"","footnotes":""},"categories":[1],"tags":[],"class_list":["post-1679","post","type-post","status-publish","format-standard","has-post-thumbnail","hentry","category-sem-categoria"],"_links":{"self":[{"href":"https:\/\/sistemafaepa.com.br\/faepa\/wp-json\/wp\/v2\/posts\/1679","targetHints":{"allow":["GET"]}}],"collection":[{"href":"https:\/\/sistemafaepa.com.br\/faepa\/wp-json\/wp\/v2\/posts"}],"about":[{"href":"https:\/\/sistemafaepa.com.br\/faepa\/wp-json\/wp\/v2\/types\/post"}],"author":[{"embeddable":true,"href":"https:\/\/sistemafaepa.com.br\/faepa\/wp-json\/wp\/v2\/users\/1"}],"replies":[{"embeddable":true,"href":"https:\/\/sistemafaepa.com.br\/faepa\/wp-json\/wp\/v2\/comments?post=1679"}],"version-history":[{"count":0,"href":"https:\/\/sistemafaepa.com.br\/faepa\/wp-json\/wp\/v2\/posts\/1679\/revisions"}],"wp:featuredmedia":[{"embeddable":true,"href":"https:\/\/sistemafaepa.com.br\/faepa\/wp-json\/wp\/v2\/media\/3088"}],"wp:attachment":[{"href":"https:\/\/sistemafaepa.com.br\/faepa\/wp-json\/wp\/v2\/media?parent=1679"}],"wp:term":[{"taxonomy":"category","embeddable":true,"href":"https:\/\/sistemafaepa.com.br\/faepa\/wp-json\/wp\/v2\/categories?post=1679"},{"taxonomy":"post_tag","embeddable":true,"href":"https:\/\/sistemafaepa.com.br\/faepa\/wp-json\/wp\/v2\/tags?post=1679"}],"curies":[{"name":"wp","href":"https:\/\/api.w.org\/{rel}","templated":true}]}}