{"id":1672,"date":"2019-08-08T13:29:43","date_gmt":"2019-08-08T16:29:43","guid":{"rendered":"http:\/\/sistemafaepa.com.br\/faepa\/2019\/08\/08\/redencao-recebe-forum-de-contabilidade\/"},"modified":"2019-08-08T13:29:43","modified_gmt":"2019-08-08T16:29:43","slug":"redencao-recebe-forum-de-contabilidade","status":"publish","type":"post","link":"https:\/\/sistemafaepa.com.br\/faepa\/redencao-recebe-forum-de-contabilidade\/","title":{"rendered":"Reden\u00e7\u00e3o recebe F\u00f3rum de Contabilidade"},"content":{"rendered":"<p>Com o apoio do Sistema Faepa\/Senar, Reden\u00e7\u00e3o recebe nos pr\u00f3ximos dias 16 e 17 de agosto o VII F\u00f3rum de Contabilidade. O evento acontecer\u00e1 na C\u00e2mara Municipal de Reden\u00e7\u00e3o e apresentar\u00e1 palestras sobre \u201cFiscaliza\u00e7\u00e3o Preventiva\u201d, \u201cRelatos Integrados e a Necessidade de Socializar\u201d e cursos sobre \u201cE-Social\u201d e \u201cEFD Reinf e DCTF Web\u201d. O evento ter\u00e1 carga hor\u00e1ria de 11h e os participantes podem doar uma lata de leite em p\u00f3. As inscri\u00e7\u00f5es podem ser feitas pelo endere\u00e7o eletr\u00f4nico:\u00a0<strong><a href=\"http:\/\/www.cfc.org.br\/eventos\" data-saferedirecturl=\"https:\/\/www.google.com\/url?q=http:\/\/www.cfc.org.br\/eventos&amp;source=gmail&amp;ust=1565360349491000&amp;usg=AFQjCNGkR3sJ4gftyObgabGXJWSOaGnbkQ\">www.cfc.org.br\/eventos<\/a><\/strong><\/p>\n","protected":false},"excerpt":{"rendered":"<p>Com o apoio do Sistema Faepa\/Senar, Reden\u00e7\u00e3o recebe nos pr\u00f3ximos dias 16 e 17 de agosto o VII F\u00f3rum de Contabilidade. O evento acontecer\u00e1 na C\u00e2mara Municipal de Reden\u00e7\u00e3o e apresentar\u00e1 palestras sobre \u201cFiscaliza\u00e7\u00e3o Preventiva\u201d, \u201cRelatos Integrados e a Necessidade de Socializar\u201d e cursos sobre \u201cE-Social\u201d e \u201cEFD Reinf e DCTF Web\u201d. O evento ter\u00e1 [&hellip;]<\/p>\n","protected":false},"author":1,"featured_media":0,"comment_status":"open","ping_status":"open","sticky":false,"template":"","format":"standard","meta":{"_et_pb_use_builder":"","_et_pb_old_content":"","_et_gb_content_width":"","footnotes":""},"categories":[1],"tags":[],"class_list":["post-1672","post","type-post","status-publish","format-standard","hentry","category-sem-categoria"],"_links":{"self":[{"href":"https:\/\/sistemafaepa.com.br\/faepa\/wp-json\/wp\/v2\/posts\/1672","targetHints":{"allow":["GET"]}}],"collection":[{"href":"https:\/\/sistemafaepa.com.br\/faepa\/wp-json\/wp\/v2\/posts"}],"about":[{"href":"https:\/\/sistemafaepa.com.br\/faepa\/wp-json\/wp\/v2\/types\/post"}],"author":[{"embeddable":true,"href":"https:\/\/sistemafaepa.com.br\/faepa\/wp-json\/wp\/v2\/users\/1"}],"replies":[{"embeddable":true,"href":"https:\/\/sistemafaepa.com.br\/faepa\/wp-json\/wp\/v2\/comments?post=1672"}],"version-history":[{"count":0,"href":"https:\/\/sistemafaepa.com.br\/faepa\/wp-json\/wp\/v2\/posts\/1672\/revisions"}],"wp:attachment":[{"href":"https:\/\/sistemafaepa.com.br\/faepa\/wp-json\/wp\/v2\/media?parent=1672"}],"wp:term":[{"taxonomy":"category","embeddable":true,"href":"https:\/\/sistemafaepa.com.br\/faepa\/wp-json\/wp\/v2\/categories?post=1672"},{"taxonomy":"post_tag","embeddable":true,"href":"https:\/\/sistemafaepa.com.br\/faepa\/wp-json\/wp\/v2\/tags?post=1672"}],"curies":[{"name":"wp","href":"https:\/\/api.w.org\/{rel}","templated":true}]}}