{"id":1652,"date":"2019-08-06T15:13:17","date_gmt":"2019-08-06T18:13:17","guid":{"rendered":"http:\/\/sistemafaepa.com.br\/faepa\/?p=1652"},"modified":"2019-08-06T15:13:17","modified_gmt":"2019-08-06T18:13:17","slug":"vii-forum-de-contabilidade-de-redencao","status":"publish","type":"post","link":"https:\/\/sistemafaepa.com.br\/faepa\/vii-forum-de-contabilidade-de-redencao\/","title":{"rendered":"VII F\u00d3RUM DE CONTABILIDADE DE REDEN\u00c7\u00c3O."},"content":{"rendered":"<p>&nbsp;<\/p>\n<p><img loading=\"lazy\" decoding=\"async\" class=\"alignnone size-thumbnail wp-image-1665 thumb-of-pdf aligncenter\" src=\"https:\/\/sistemafaepa.com.br\/faepa\/wp-content\/uploads\/sites\/5\/2019\/08\/VII-F\u00d3RUM-CONTABILIDADE-REDEN\u00c7\u00c3O-4-pdf-150x150.jpg\" alt=\"thumbnail of VII \u2013 F\u00d3RUM CONTABILIDADE REDEN\u00c7\u00c3O\" width=\"150\" height=\"150\" \/><\/p>\n<p style=\"text-align: left\">O Sistema FAEPA\/SENAR\/SINDICATOS , informar que nos dias 16 e 17 de agosto de 2019 , estar\u00e1 sendo realizado VII F\u00f3rum de Contabilidade de Reden\u00e7\u00e3o-Pa\u00a0 . A programa\u00e7\u00e3o consta\u00a0 com assuntos de interesse do produtor rural ( eSocial\u00a0 EFD REINF) em parceria com o Conselho Regional de Contabilidade do Par\u00e1.<\/p>\n<p>&nbsp;<\/p>\n<p>&nbsp;<\/p>\n","protected":false},"excerpt":{"rendered":"<p>&nbsp; O Sistema FAEPA\/SENAR\/SINDICATOS , informar que nos dias 16 e 17 de agosto de 2019 , estar\u00e1 sendo realizado VII F\u00f3rum de Contabilidade de Reden\u00e7\u00e3o-Pa\u00a0 . A programa\u00e7\u00e3o consta\u00a0 com assuntos de interesse do produtor rural ( eSocial\u00a0 EFD REINF) em parceria com o Conselho Regional de Contabilidade do Par\u00e1. &nbsp; &nbsp;<\/p>\n","protected":false},"author":11,"featured_media":0,"comment_status":"open","ping_status":"open","sticky":false,"template":"","format":"standard","meta":{"_et_pb_use_builder":"","_et_pb_old_content":"","_et_gb_content_width":"","footnotes":""},"categories":[1],"tags":[],"class_list":["post-1652","post","type-post","status-publish","format-standard","hentry","category-sem-categoria"],"_links":{"self":[{"href":"https:\/\/sistemafaepa.com.br\/faepa\/wp-json\/wp\/v2\/posts\/1652","targetHints":{"allow":["GET"]}}],"collection":[{"href":"https:\/\/sistemafaepa.com.br\/faepa\/wp-json\/wp\/v2\/posts"}],"about":[{"href":"https:\/\/sistemafaepa.com.br\/faepa\/wp-json\/wp\/v2\/types\/post"}],"author":[{"embeddable":true,"href":"https:\/\/sistemafaepa.com.br\/faepa\/wp-json\/wp\/v2\/users\/11"}],"replies":[{"embeddable":true,"href":"https:\/\/sistemafaepa.com.br\/faepa\/wp-json\/wp\/v2\/comments?post=1652"}],"version-history":[{"count":0,"href":"https:\/\/sistemafaepa.com.br\/faepa\/wp-json\/wp\/v2\/posts\/1652\/revisions"}],"wp:attachment":[{"href":"https:\/\/sistemafaepa.com.br\/faepa\/wp-json\/wp\/v2\/media?parent=1652"}],"wp:term":[{"taxonomy":"category","embeddable":true,"href":"https:\/\/sistemafaepa.com.br\/faepa\/wp-json\/wp\/v2\/categories?post=1652"},{"taxonomy":"post_tag","embeddable":true,"href":"https:\/\/sistemafaepa.com.br\/faepa\/wp-json\/wp\/v2\/tags?post=1652"}],"curies":[{"name":"wp","href":"https:\/\/api.w.org\/{rel}","templated":true}]}}