{"id":1647,"date":"2019-08-06T14:48:57","date_gmt":"2019-08-06T17:48:57","guid":{"rendered":"http:\/\/sistemafaepa.com.br\/faepa\/2019\/08\/06\/ultimos-dias-de-inscricao-para-graduacao-a-distancia-da-faculdade-cna\/"},"modified":"2019-08-06T14:48:57","modified_gmt":"2019-08-06T17:48:57","slug":"ultimos-dias-de-inscricao-para-graduacao-a-distancia-da-faculdade-cna","status":"publish","type":"post","link":"https:\/\/sistemafaepa.com.br\/faepa\/ultimos-dias-de-inscricao-para-graduacao-a-distancia-da-faculdade-cna\/","title":{"rendered":"\u00daltimos dias de inscri\u00e7\u00e3o para gradua\u00e7\u00e3o a dist\u00e2ncia da Faculdade CNA"},"content":{"rendered":"<p>Ainda est\u00e3o abertas as inscri\u00e7\u00f5es do processo seletivo no in\u00edcio no segundo semestre para os cursos de gradua\u00e7\u00e3o a dist\u00e2ncia em Gest\u00e3o do Agroneg\u00f3cio, Gest\u00e3o Ambiental, Gest\u00e3o de Recursos Humanos e Processos Gerenciais da Faculdade CNA.<\/p>\n<p>Ao todo, s\u00e3o nove polos distribu\u00eddos nos munic\u00edpios de Gandu (BA), Fortaleza (CE), Rio Bananal (ES), Cuiab\u00e1 (MT), Santa Izabel do Par\u00e1 (PA), Campina Grande e Jo\u00e3o Pessoa (PB) e Palmas (TO), al\u00e9m de Bras\u00edlia (DF).<\/p>\n<p>As gradua\u00e7\u00f5es s\u00e3o voltadas para quem deseja atuar em \u00e1reas ligadas \u00e0 gest\u00e3o do agroneg\u00f3cio.<\/p>\n<p><strong>Processo seletivo &#8211;<\/strong> Para obter mais informa\u00e7\u00f5es sobre a Faculdade CNA e realizar a inscri\u00e7\u00e3o, acesse:\u00a0<a href=\"http:\/\/faculdade.cnabrasil.org.br\/\">http:\/\/faculdade.cnabrasil.org.br\/<\/a><\/p>\n","protected":false},"excerpt":{"rendered":"<p>Ainda est\u00e3o abertas as inscri\u00e7\u00f5es do processo seletivo no in\u00edcio no segundo semestre para os cursos de gradua\u00e7\u00e3o a dist\u00e2ncia em Gest\u00e3o do Agroneg\u00f3cio, Gest\u00e3o Ambiental, Gest\u00e3o de Recursos Humanos e Processos Gerenciais da Faculdade CNA. Ao todo, s\u00e3o nove polos distribu\u00eddos nos munic\u00edpios de Gandu (BA), Fortaleza (CE), Rio Bananal (ES), Cuiab\u00e1 (MT), Santa [&hellip;]<\/p>\n","protected":false},"author":1,"featured_media":1648,"comment_status":"open","ping_status":"open","sticky":false,"template":"","format":"standard","meta":{"_et_pb_use_builder":"","_et_pb_old_content":"","_et_gb_content_width":"","footnotes":""},"categories":[1],"tags":[],"class_list":["post-1647","post","type-post","status-publish","format-standard","has-post-thumbnail","hentry","category-sem-categoria"],"_links":{"self":[{"href":"https:\/\/sistemafaepa.com.br\/faepa\/wp-json\/wp\/v2\/posts\/1647","targetHints":{"allow":["GET"]}}],"collection":[{"href":"https:\/\/sistemafaepa.com.br\/faepa\/wp-json\/wp\/v2\/posts"}],"about":[{"href":"https:\/\/sistemafaepa.com.br\/faepa\/wp-json\/wp\/v2\/types\/post"}],"author":[{"embeddable":true,"href":"https:\/\/sistemafaepa.com.br\/faepa\/wp-json\/wp\/v2\/users\/1"}],"replies":[{"embeddable":true,"href":"https:\/\/sistemafaepa.com.br\/faepa\/wp-json\/wp\/v2\/comments?post=1647"}],"version-history":[{"count":0,"href":"https:\/\/sistemafaepa.com.br\/faepa\/wp-json\/wp\/v2\/posts\/1647\/revisions"}],"wp:featuredmedia":[{"embeddable":true,"href":"https:\/\/sistemafaepa.com.br\/faepa\/wp-json\/"}],"wp:attachment":[{"href":"https:\/\/sistemafaepa.com.br\/faepa\/wp-json\/wp\/v2\/media?parent=1647"}],"wp:term":[{"taxonomy":"category","embeddable":true,"href":"https:\/\/sistemafaepa.com.br\/faepa\/wp-json\/wp\/v2\/categories?post=1647"},{"taxonomy":"post_tag","embeddable":true,"href":"https:\/\/sistemafaepa.com.br\/faepa\/wp-json\/wp\/v2\/tags?post=1647"}],"curies":[{"name":"wp","href":"https:\/\/api.w.org\/{rel}","templated":true}]}}