{"id":1644,"date":"2019-08-05T14:12:40","date_gmt":"2019-08-05T17:12:40","guid":{"rendered":"http:\/\/sistemafaepa.com.br\/faepa\/2019\/08\/05\/sistema-faepa-senar-atua-com-acoes-para-saude-da-mulher-e-do-homem-no-campo\/"},"modified":"2019-08-05T14:12:40","modified_gmt":"2019-08-05T17:12:40","slug":"sistema-faepa-senar-atua-com-acoes-para-saude-da-mulher-e-do-homem-no-campo","status":"publish","type":"post","link":"https:\/\/sistemafaepa.com.br\/faepa\/sistema-faepa-senar-atua-com-acoes-para-saude-da-mulher-e-do-homem-no-campo\/","title":{"rendered":"Sistema Faepa\/Senar atua com a\u00e7\u00f5es para sa\u00fade da mulher e do homem no campo"},"content":{"rendered":"<div class=\"row\">\n<div class=\"col-md-12\">\n<p style=\"font-weight: 400\">O Dia Nacional da\u00a0Sa\u00fade\u00a0\u00e9 celebrado anualmente em 5 de agosto. A data tem a finalidade de conscientizar a sociedade brasileira sobre a import\u00e2ncia da educa\u00e7\u00e3o sanit\u00e1ria, a fim de despertar na popula\u00e7\u00e3o o valor da\u00a0sa\u00fade\u00a0e dos cuidados para com ela.<\/p>\n<p style=\"font-weight: 400\">Em aten\u00e7\u00e3o a essa realidade, o Servi\u00e7o Nacional de Aprendizagem Rural (Senar), ampliou, nos \u00faltimos anos, os investimentos em preven\u00e7\u00e3o \u00e0 sa\u00fade e qualidade de vida, com dois programas: Sa\u00fade do Homem Rural e Sa\u00fade da Mulher Rural, trazendo como proposta, um olhar para a sa\u00fade integral.<\/p>\n<p>Para realizar as a\u00e7\u00f5es de Promo\u00e7\u00e3o Social para a Sa\u00fade Preventiva no campo, o Senar conta com diversos parceiros, que v\u00e3o desde as Secretarias Municipais de Sa\u00fade e Educa\u00e7\u00e3o, Sociedade Brasileira de Urologia, Instituto Lado a Lado pela Vida, bem como outras parcerias locais que ajudam na promo\u00e7\u00e3o do cuidado \u00e0 sa\u00fade dessa popula\u00e7\u00e3o.<\/p>\n<p>Essas parcerias t\u00e9cnico-cient\u00edfica t\u00eam como foco a promo\u00e7\u00e3o da sa\u00fade do produtor, trabalhador rural e suas fam\u00edlias, por meio de informa\u00e7\u00f5es qualificadas sobre as doen\u00e7as que mais impactam a popula\u00e7\u00e3o rural, de modo a propiciar o desenvolvimento de habilidades pessoais, mudan\u00e7as de atitudes, al\u00e9m de outras a\u00e7\u00f5es que tragam a todos os envolvidos a conscientiza\u00e7\u00e3o para uma sa\u00fade melhor.<\/p>\n<p>A produ\u00e7\u00e3o de materiais em parceria com a Sociedade Brasileira de Urologia e Instituto Lado a Lado pela Vida tem qualificado as a\u00e7\u00f5es de educa\u00e7\u00e3o em sa\u00fade para um melhor entendimento sobre algumas doen\u00e7as e, consequentemente, mudan\u00e7as de h\u00e1bitos para uma vida mais saud\u00e1vel<\/p>\n<\/div>\n<\/div>\n<p>De acordo o superintendente do Senar, Walter Cardoso, as a\u00e7\u00f5es com foco na sa\u00fade do homem do campo ocorrem durante todo o ano. \u201cTemos, por exemplo, o programa \u00datero \u00e9 Vida, com enfoque de alertar sobre o C\u00e2ncer no colo do \u00fatero, em outras ocasi\u00f5es alertamos tamb\u00e9m sobre as doen\u00e7as sexualmente transmiss\u00edveis ou sobre a os cuidados com a postura corporal no transporte de cargas. Nossa preocupa\u00e7\u00e3o \u00e9 possibilitar aos produtores rurais e as suas fam\u00edlias condi\u00e7\u00f5es de sa\u00fade para que possam desenvolver da melhor forma poss\u00edvel o seu trabalho no campo\u201d, enfatizou. &#8220;E, al\u00e9m das a\u00e7\u00f5es, levamos ao homem e a mulher do campo informa\u00e7\u00f5es que possam alertar sobre a import\u00e2ncia do cuidado com a sa\u00fade\u201d, explicou.<\/p>\n<p><strong>Mulher &#8211;<\/strong> O Programa Sa\u00fade da Mulher Rural tem como objetivo contribuir para a mudan\u00e7a e melhoria das condi\u00e7\u00f5es de vida e sa\u00fade integral das mulheres do meio rural, com a\u00e7\u00f5es de educa\u00e7\u00e3o em sa\u00fade e amplia\u00e7\u00e3o do acesso aos servi\u00e7os dispon\u00edveis no Sistema \u00danico de Sa\u00fade (SUS), em parceria com Secretarias de Sa\u00fade Secretarias de Sa\u00fade e prefeituras. As a\u00e7\u00f5es t\u00eam como foco priorit\u00e1rio a educa\u00e7\u00e3o em sa\u00fade, com preven\u00e7\u00e3o, diagn\u00f3stico precoce, vacina\u00e7\u00e3o, quest\u00f5es de g\u00eanero, viol\u00eancia dom\u00e9stica, preven\u00e7\u00e3o do c\u00e2ncer do colo do \u00fatero, da mama, das doen\u00e7as sexualmente transmiss\u00edveis, entre outros, com o intuito de promover o controle de fatores de riscos que afetam diretamente a sa\u00fade da mulher rural. Este Programa pretende sensibilizar e empoderar as mulheres do meio rural para escolhas corretas a fim de promover a sa\u00fade f\u00edsica e mental, bem como mudan\u00e7as de comportamentos que impactam na qualidade de vida individual e coletiva.<\/p>\n<p><strong>Homem &#8211; <\/strong>O Programa Sa\u00fade do Homem Rural tem como objetivo gerar oportunidades de educa\u00e7\u00e3o para a promo\u00e7\u00e3o da sa\u00fade e preven\u00e7\u00e3o de doen\u00e7as de homens do meio rural, contribuindo assim para a melhoria da qualidade de vida.\u00a0A vulnerabilidade social e estrutural frente \u00e0 sa\u00fade integral do homem est\u00e1 presente nas \u00e1reas rurais. Por isso, as a\u00e7\u00f5es devem ser de car\u00e1ter geral e ampliado, com parcerias que viabilizem a\u00e7\u00f5es conjugadas, aproveitando o que j\u00e1 existe, o que possibilita a soma de recursos dispon\u00edveis que complementem os esfor\u00e7os. As a\u00e7\u00f5es t\u00eam como foco priorit\u00e1rio a educa\u00e7\u00e3o em sa\u00fade, com preven\u00e7\u00e3o, diagn\u00f3stico precoce, vacina\u00e7\u00e3o, quest\u00f5es de g\u00eanero, viol\u00eancia dom\u00e9stica, preven\u00e7\u00e3o do c\u00e2ncer de pr\u00f3stata, c\u00e2ncer de p\u00eanis, doen\u00e7as sexualmente transmiss\u00edveis, entre outros, com o intuito de promover o controle de fatores de riscos que afetam diretamente a sa\u00fade do homem rural. Nesse sentido, a parceria que o Senar estabeleceu com a Sociedade Brasileira de Urologia-SBU para o Programa Sa\u00fade do Homem Rural tem sido fundamental para o desenvolvimento das a\u00e7\u00f5es de promo\u00e7\u00e3o social, a qual o Senar tem como miss\u00e3o, promovendo o acesso aos exames de pr\u00f3stata, educa\u00e7\u00e3o em sa\u00fade para a promo\u00e7\u00e3o de h\u00e1bitos de higiene pessoal, preven\u00e7\u00e3o ao c\u00e2ncer de p\u00eanis e \u00e0s doen\u00e7as sexualmente transmiss\u00edveis, entre outros e, consequentemente, mudan\u00e7as de atitudes para uma vida mais saud\u00e1vel.<\/p>\n","protected":false},"excerpt":{"rendered":"<p>O Dia Nacional da\u00a0Sa\u00fade\u00a0\u00e9 celebrado anualmente em 5 de agosto. A data tem a finalidade de conscientizar a sociedade brasileira sobre a import\u00e2ncia da educa\u00e7\u00e3o sanit\u00e1ria, a fim de despertar na popula\u00e7\u00e3o o valor da\u00a0sa\u00fade\u00a0e dos cuidados para com ela. Em aten\u00e7\u00e3o a essa realidade, o Servi\u00e7o Nacional de Aprendizagem Rural (Senar), ampliou, nos \u00faltimos [&hellip;]<\/p>\n","protected":false},"author":1,"featured_media":1645,"comment_status":"open","ping_status":"open","sticky":false,"template":"","format":"standard","meta":{"_et_pb_use_builder":"","_et_pb_old_content":"","_et_gb_content_width":"","footnotes":""},"categories":[1],"tags":[],"class_list":["post-1644","post","type-post","status-publish","format-standard","has-post-thumbnail","hentry","category-sem-categoria"],"_links":{"self":[{"href":"https:\/\/sistemafaepa.com.br\/faepa\/wp-json\/wp\/v2\/posts\/1644","targetHints":{"allow":["GET"]}}],"collection":[{"href":"https:\/\/sistemafaepa.com.br\/faepa\/wp-json\/wp\/v2\/posts"}],"about":[{"href":"https:\/\/sistemafaepa.com.br\/faepa\/wp-json\/wp\/v2\/types\/post"}],"author":[{"embeddable":true,"href":"https:\/\/sistemafaepa.com.br\/faepa\/wp-json\/wp\/v2\/users\/1"}],"replies":[{"embeddable":true,"href":"https:\/\/sistemafaepa.com.br\/faepa\/wp-json\/wp\/v2\/comments?post=1644"}],"version-history":[{"count":0,"href":"https:\/\/sistemafaepa.com.br\/faepa\/wp-json\/wp\/v2\/posts\/1644\/revisions"}],"wp:featuredmedia":[{"embeddable":true,"href":"https:\/\/sistemafaepa.com.br\/faepa\/wp-json\/"}],"wp:attachment":[{"href":"https:\/\/sistemafaepa.com.br\/faepa\/wp-json\/wp\/v2\/media?parent=1644"}],"wp:term":[{"taxonomy":"category","embeddable":true,"href":"https:\/\/sistemafaepa.com.br\/faepa\/wp-json\/wp\/v2\/categories?post=1644"},{"taxonomy":"post_tag","embeddable":true,"href":"https:\/\/sistemafaepa.com.br\/faepa\/wp-json\/wp\/v2\/tags?post=1644"}],"curies":[{"name":"wp","href":"https:\/\/api.w.org\/{rel}","templated":true}]}}