{"id":1640,"date":"2019-08-01T16:21:20","date_gmt":"2019-08-01T19:21:20","guid":{"rendered":"http:\/\/sistemafaepa.com.br\/faepa\/2019\/08\/01\/sistema-faepa-participa-de-encontro-com-federacoes-da-agricultura-da-regiao-norte\/"},"modified":"2019-08-01T16:21:20","modified_gmt":"2019-08-01T19:21:20","slug":"sistema-faepa-participa-de-encontro-com-federacoes-da-agricultura-da-regiao-norte","status":"publish","type":"post","link":"https:\/\/sistemafaepa.com.br\/faepa\/sistema-faepa-participa-de-encontro-com-federacoes-da-agricultura-da-regiao-norte\/","title":{"rendered":"Sistema Faepa participa de encontro com Federa\u00e7\u00f5es da Agricultura da Regi\u00e3o Norte"},"content":{"rendered":"<p>O vice-presidente da Federa\u00e7\u00e3o da Agricultura e Pecu\u00e1ria do Par\u00e1 (Faepa), Vilson Schuber, participa hoje (1) e amanh\u00e3 (2), da 17\u00b0 Reuni\u00e3o da Diretoria Executiva da CNA \u2013 Quadri\u00eanio 2017\/2021. O evento ocorre na sede da Federa\u00e7\u00e3o da Agricultura e Pecu\u00e1ria do Estado do Acre (FAEAC) e conta com a presen\u00e7a dos gestores das Federa\u00e7\u00f5es de Agricultura da Regi\u00e3o Norte. Na programa\u00e7\u00e3o do encontro est\u00e1 prevista visita em uma \u00e1rea rural do munic\u00edpio de Rio Branco, bem como, uma reuni\u00e3o com a presen\u00e7a de presidentes de Sindicatos Rurais e outras lideran\u00e7as do Acre.<\/p>\n<p>&nbsp;<\/p>\n","protected":false},"excerpt":{"rendered":"<p>O vice-presidente da Federa\u00e7\u00e3o da Agricultura e Pecu\u00e1ria do Par\u00e1 (Faepa), Vilson Schuber, participa hoje (1) e amanh\u00e3 (2), da 17\u00b0 Reuni\u00e3o da Diretoria Executiva da CNA \u2013 Quadri\u00eanio 2017\/2021. O evento ocorre na sede da Federa\u00e7\u00e3o da Agricultura e Pecu\u00e1ria do Estado do Acre (FAEAC) e conta com a presen\u00e7a dos gestores das Federa\u00e7\u00f5es [&hellip;]<\/p>\n","protected":false},"author":1,"featured_media":1641,"comment_status":"open","ping_status":"open","sticky":false,"template":"","format":"standard","meta":{"_et_pb_use_builder":"","_et_pb_old_content":"","_et_gb_content_width":"","footnotes":""},"categories":[1],"tags":[],"class_list":["post-1640","post","type-post","status-publish","format-standard","has-post-thumbnail","hentry","category-sem-categoria"],"_links":{"self":[{"href":"https:\/\/sistemafaepa.com.br\/faepa\/wp-json\/wp\/v2\/posts\/1640","targetHints":{"allow":["GET"]}}],"collection":[{"href":"https:\/\/sistemafaepa.com.br\/faepa\/wp-json\/wp\/v2\/posts"}],"about":[{"href":"https:\/\/sistemafaepa.com.br\/faepa\/wp-json\/wp\/v2\/types\/post"}],"author":[{"embeddable":true,"href":"https:\/\/sistemafaepa.com.br\/faepa\/wp-json\/wp\/v2\/users\/1"}],"replies":[{"embeddable":true,"href":"https:\/\/sistemafaepa.com.br\/faepa\/wp-json\/wp\/v2\/comments?post=1640"}],"version-history":[{"count":0,"href":"https:\/\/sistemafaepa.com.br\/faepa\/wp-json\/wp\/v2\/posts\/1640\/revisions"}],"wp:featuredmedia":[{"embeddable":true,"href":"https:\/\/sistemafaepa.com.br\/faepa\/wp-json\/"}],"wp:attachment":[{"href":"https:\/\/sistemafaepa.com.br\/faepa\/wp-json\/wp\/v2\/media?parent=1640"}],"wp:term":[{"taxonomy":"category","embeddable":true,"href":"https:\/\/sistemafaepa.com.br\/faepa\/wp-json\/wp\/v2\/categories?post=1640"},{"taxonomy":"post_tag","embeddable":true,"href":"https:\/\/sistemafaepa.com.br\/faepa\/wp-json\/wp\/v2\/tags?post=1640"}],"curies":[{"name":"wp","href":"https:\/\/api.w.org\/{rel}","templated":true}]}}