{"id":1629,"date":"2019-07-18T17:28:26","date_gmt":"2019-07-18T20:28:26","guid":{"rendered":"http:\/\/sistemafaepa.com.br\/faepa\/?p=1629"},"modified":"2019-07-18T17:28:26","modified_gmt":"2019-07-18T20:28:26","slug":"programa-carne-legal-2","status":"publish","type":"post","link":"https:\/\/sistemafaepa.com.br\/faepa\/programa-carne-legal-2\/","title":{"rendered":"Programa Carne Legal"},"content":{"rendered":"<p>O Memorando de Entendimento que trata do cumprimento dos Termos de Ajustamento de Conduta, no \u00e2mbito do Programa Carne Legal. \u00c9 um instrumento celebrado entre a Confedera\u00e7\u00e3o da Agricultura e Pecu\u00e1ria do Brasil-CNA , Associa\u00e7\u00e3o Brasileira das Ind\u00fastrias Exportadoras de Carnes \u2013 ABIEC e Associa\u00e7\u00e3o Brasileira de Frigor\u00edficos \u2013 ABRAFRIGO que\u00a0 visa esclarecer e dar divulga\u00e7\u00e3o da possibilidade do produtor rural, mediante laudo simples,restabelecer a comercializa\u00e7\u00e3o de animais provenientes de \u00e1reas parcialmente embargadas.<a class=\"link-to-pdf\" title=\"2 Memorando e Termos Ajustamento de Conduta - programa Carne Legal--2\" href=\"https:\/\/sistemafaepa.com.br\/faepa\/wp-content\/uploads\/sites\/5\/2019\/07\/2-Memorando-e-Termos-Ajustamento-de-Conduta-programa-Carne-Legal-2.pdf\" target=\"_blank\" rel=\"attachment noopener wp-att-1616 noreferrer\"><img loading=\"lazy\" decoding=\"async\" class=\"size-thumbnail wp-image-1617 thumb-of-pdf alignleft\" src=\"https:\/\/sistemafaepa.com.br\/faepa\/wp-content\/uploads\/sites\/5\/2019\/07\/2-Memorando-e-Termos-Ajustamento-de-Conduta-programa-Carne-Legal-2-pdf-150x150.jpg\" alt=\"thumbnail of 2 Memorando e Termos Ajustamento de Conduta \u2013 programa Carne Legal\u20132\" width=\"150\" height=\"150\" \/><\/a><\/p>\n","protected":false},"excerpt":{"rendered":"<p>O Memorando de Entendimento que trata do cumprimento dos Termos de Ajustamento de Conduta, no \u00e2mbito do Programa Carne Legal. \u00c9 um instrumento celebrado entre a Confedera\u00e7\u00e3o da Agricultura e Pecu\u00e1ria do Brasil-CNA , Associa\u00e7\u00e3o Brasileira das Ind\u00fastrias Exportadoras de Carnes \u2013 ABIEC e Associa\u00e7\u00e3o Brasileira de Frigor\u00edficos \u2013 ABRAFRIGO que\u00a0 visa esclarecer e dar [&hellip;]<\/p>\n","protected":false},"author":11,"featured_media":0,"comment_status":"open","ping_status":"open","sticky":false,"template":"","format":"standard","meta":{"_et_pb_use_builder":"","_et_pb_old_content":"","_et_gb_content_width":"","footnotes":""},"categories":[1],"tags":[],"class_list":["post-1629","post","type-post","status-publish","format-standard","hentry","category-sem-categoria"],"_links":{"self":[{"href":"https:\/\/sistemafaepa.com.br\/faepa\/wp-json\/wp\/v2\/posts\/1629","targetHints":{"allow":["GET"]}}],"collection":[{"href":"https:\/\/sistemafaepa.com.br\/faepa\/wp-json\/wp\/v2\/posts"}],"about":[{"href":"https:\/\/sistemafaepa.com.br\/faepa\/wp-json\/wp\/v2\/types\/post"}],"author":[{"embeddable":true,"href":"https:\/\/sistemafaepa.com.br\/faepa\/wp-json\/wp\/v2\/users\/11"}],"replies":[{"embeddable":true,"href":"https:\/\/sistemafaepa.com.br\/faepa\/wp-json\/wp\/v2\/comments?post=1629"}],"version-history":[{"count":0,"href":"https:\/\/sistemafaepa.com.br\/faepa\/wp-json\/wp\/v2\/posts\/1629\/revisions"}],"wp:attachment":[{"href":"https:\/\/sistemafaepa.com.br\/faepa\/wp-json\/wp\/v2\/media?parent=1629"}],"wp:term":[{"taxonomy":"category","embeddable":true,"href":"https:\/\/sistemafaepa.com.br\/faepa\/wp-json\/wp\/v2\/categories?post=1629"},{"taxonomy":"post_tag","embeddable":true,"href":"https:\/\/sistemafaepa.com.br\/faepa\/wp-json\/wp\/v2\/tags?post=1629"}],"curies":[{"name":"wp","href":"https:\/\/api.w.org\/{rel}","templated":true}]}}