{"id":1625,"date":"2019-07-18T17:15:44","date_gmt":"2019-07-18T20:15:44","guid":{"rendered":"http:\/\/sistemafaepa.com.br\/faepa\/?p=1625"},"modified":"2019-07-18T17:15:44","modified_gmt":"2019-07-18T20:15:44","slug":"vii-forum-de-contabilidade-redencao","status":"publish","type":"post","link":"https:\/\/sistemafaepa.com.br\/faepa\/vii-forum-de-contabilidade-redencao\/","title":{"rendered":"VII F\u00f3rum de Contabilidade &#8211; Reden\u00e7\u00e3o."},"content":{"rendered":"<p>O Sistema FAEPA\/SENAR\/SINDICATOS , participa do VII For\u00fam de contabilidade , curso : EFD Reinf e DCTF Web , para os produtores rurais\u00a0 de reden\u00e7\u00e3o\u00a0 que ser\u00e1 realizado nos dias 16 e 17 de agosto de 2019, no endere\u00e7o : C\u00e2mara Municipal de Reden\u00e7\u00e3o, rua : Guajant\u00e1 n\u00ba 450 , vila paulista.<\/p>\n<p><img loading=\"lazy\" decoding=\"async\" class=\"alignnone size-medium wp-image-1626\" src=\"https:\/\/sistemafaepa.com.br\/faepa\/wp-content\/uploads\/sites\/5\/2019\/07\/VII-F\u00d3RUM-DE-CONTABILIDADE-EFD-REINF.-212x300.jpeg\" alt=\"\" width=\"212\" height=\"300\" \/><\/p>\n","protected":false},"excerpt":{"rendered":"<p>O Sistema FAEPA\/SENAR\/SINDICATOS , participa do VII For\u00fam de contabilidade , curso : EFD Reinf e DCTF Web , para os produtores rurais\u00a0 de reden\u00e7\u00e3o\u00a0 que ser\u00e1 realizado nos dias 16 e 17 de agosto de 2019, no endere\u00e7o : C\u00e2mara Municipal de Reden\u00e7\u00e3o, rua : Guajant\u00e1 n\u00ba 450 , vila paulista.<\/p>\n","protected":false},"author":11,"featured_media":0,"comment_status":"open","ping_status":"open","sticky":false,"template":"","format":"standard","meta":{"_et_pb_use_builder":"","_et_pb_old_content":"","_et_gb_content_width":"","footnotes":""},"categories":[1],"tags":[],"class_list":["post-1625","post","type-post","status-publish","format-standard","hentry","category-sem-categoria"],"_links":{"self":[{"href":"https:\/\/sistemafaepa.com.br\/faepa\/wp-json\/wp\/v2\/posts\/1625","targetHints":{"allow":["GET"]}}],"collection":[{"href":"https:\/\/sistemafaepa.com.br\/faepa\/wp-json\/wp\/v2\/posts"}],"about":[{"href":"https:\/\/sistemafaepa.com.br\/faepa\/wp-json\/wp\/v2\/types\/post"}],"author":[{"embeddable":true,"href":"https:\/\/sistemafaepa.com.br\/faepa\/wp-json\/wp\/v2\/users\/11"}],"replies":[{"embeddable":true,"href":"https:\/\/sistemafaepa.com.br\/faepa\/wp-json\/wp\/v2\/comments?post=1625"}],"version-history":[{"count":0,"href":"https:\/\/sistemafaepa.com.br\/faepa\/wp-json\/wp\/v2\/posts\/1625\/revisions"}],"wp:attachment":[{"href":"https:\/\/sistemafaepa.com.br\/faepa\/wp-json\/wp\/v2\/media?parent=1625"}],"wp:term":[{"taxonomy":"category","embeddable":true,"href":"https:\/\/sistemafaepa.com.br\/faepa\/wp-json\/wp\/v2\/categories?post=1625"},{"taxonomy":"post_tag","embeddable":true,"href":"https:\/\/sistemafaepa.com.br\/faepa\/wp-json\/wp\/v2\/tags?post=1625"}],"curies":[{"name":"wp","href":"https:\/\/api.w.org\/{rel}","templated":true}]}}